{"id":1252,"date":"2015-12-14T15:02:20","date_gmt":"2015-12-14T15:02:20","guid":{"rendered":"https:\/\/katarek.pl\/blog\/?p=107"},"modified":"2015-12-14T15:02:20","modified_gmt":"2015-12-14T15:02:20","slug":"moja-mama-miala-jednak-we-wszystkim-racje","status":"publish","type":"post","link":"https:\/\/katarek.pl\/moja-mama-miala-jednak-we-wszystkim-racje\/","title":{"rendered":"Moja mama mia\u0142a jednak we wszystkim racj\u0119"},"content":{"rendered":"<p><strong>Mamy, ach te mamy! Czemu zawsze musz\u0105 mie\u0107 racj\u0119, we wszystkim, cho\u0107 ile razy w my\u015blach prosimy: Prosz\u0119 nie tym razem! Wtr\u0105ca\u0107 nosy, dopowiada\u0107 ostatnie s\u0142owo, radzi\u0107, pomaga\u0107&#8230; a przecie\u017c my<em> i tak zawsze wiemy lepiej, prawda<\/em>? Jeste\u015bmy doros\u0142e, mamy swoje rodziny, dzieci, mamy przede wszystkim swoje zdanie i dostatecznie du\u017co ju\u017c wiemy. Jak wychowa\u0107, czym karmi\u0107, jak piel\u0119gnowa\u0107 i jak \u017cy\u0107.\u00a0 No mo\u017ce czasami poza tym i poza tym, no i poza tym.. a na ko\u0144cu wychodzi, \u017ce\u00a0 mama, to jednak wie lepiej.<\/strong><\/p>\n<p><!--more--><\/p>\n<p>Kiedy by\u0142am dzieckiem czy nastolatk\u0105, zdanie Mamy obchodzi\u0142o mnie, ale jako\u015b tak po\u0142owicznie.<\/p>\n<p>Cho\u0107 nie powiem, nale\u017ca\u0142am do grupy grzeczniejszych dzieci, to i tak rady z prehistorii, jakimi chcia\u0142a dzieli\u0107 si\u0119 ze mn\u0105 Mama, wydawa\u0142y mi si\u0119 totalnie nie na czasie. A ju\u017c na pewno nie rozwi\u0105za\u0142y by mojego \u00f3wczesnego problemu. Bo same przyznajcie, co mo\u017ce wiedzie\u0107 taka mama? <strong>Pokolenie starsza, chodzi\u0142a do innej szko\u0142y, mia\u0142a inne kole\u017canki, inne zainteresowania. Kompletnie nie\u015bwiadoma czas\u00f3w, w jakich jej dzieciom przysz\u0142o \u017cy\u0107.<\/strong> Po prostu zielony ufolud, kt\u00f3ry wtr\u0105ca si\u0119 w prywatne \u017cycie! I milion razy zdarzy\u0142o mi si\u0119 pomy\u015ble\u0107 i powiedzie\u0107: <em>Mamo daj spok\u00f3j, wiem co zrobi\u0107<\/em>. I robi\u0142am to, a potem nie wychodzi\u0142o, co\u015b si\u0119 psu\u0142o, chcia\u0142am po swojemu, jak doros\u0142a, a w efekcie &#8230; <strong>p\u0142aka\u0142am po k\u0105tach<\/strong>, bo moje nastoletnie do\u015bwiadczenie jednak na niewiele si\u0119 zdawa\u0142o.<\/p>\n<p>Zaj\u0119\u0142o mi niemal <strong>trzydzie\u015bci lat<\/strong>, \u017ceby dotar\u0142o do mnie, \u017ce <strong>moja Mama mia\u0142a racj\u0119<\/strong>. I to we wszystkim. A sta\u0142o si\u0119 to w jednym magicznym momencie, kiedy na \u015bwiat przysz\u0142a moja c\u00f3rka, a ja sama zacz\u0119\u0142am by\u0107 tytu\u0142owana mam\u0105.<\/p>\n<p>Przypominam sobie teraz wszystkie jej s\u0142owa i dobre rady, kt\u00f3re dawa\u0142a mi przez \u00a0lata. One by\u0142y cenne, bo oparte na do\u015bwiadczeniu. Teraz widz\u0119, \u017ce to nie by\u0142o marudzenie tak dla checy i rady wyssane z palca. To wszystko odbywa\u0142o si\u0119 po co\u015b, a ja dopiero teraz jestem na tyle doros\u0142a, \u017ce\u00a0 dostrzegam, jak wiele dobra mog\u0142abym wynie\u015b\u0107 i jak wiele problem\u00f3w unikn\u0105\u0107, gdybym tylko s\u0142ucha\u0142a jej za wczasu.<\/p>\n<p><strong>Mam ochot\u0119 teraz krzykn\u0105\u0107: MIA\u0141A\u015a RACJ\u0118 MAMUSIU! We wszystkim.<\/strong><\/p>\n<p>Mia\u0142a\u015b racj\u0119,<strong>kiedy m\u00f3wi\u0142a\u015b, \u017ce musimy si\u0119 uczy\u0107<\/strong>, bo od tego zale\u017cy nasza przysz\u0142o\u015b\u0107. Kiedy sta\u0142a\u015b nad nami i pilnowa\u0142a\u015b, by zadanie zawsze by\u0142o odrobione, a ksi\u0105\u017cki ob\u0142o\u017cone w ok\u0142adki, a mimo mojego p\u0142aczu i marudzenia wysy\u0142a\u0142a\u015b na \u00f3sm\u0105 do szko\u0142y. To w\u0142a\u015bnie dzi\u0119ki tej dysycplinie mog\u0142am uko\u0144czy\u0107 wymarzone studia, rozwija\u0107 swoje skrzyd\u0142a i doj\u015b\u0107 w\u0142a\u015bnie tu. W to miejscie, w kt\u00f3rym jestem teraz.<\/p>\n<p>Mia\u0142a\u015b racj\u0119, <strong>gdy pociesza\u0142a\u015b mnie, \u017ce jak nie ten to nast\u0119pny<\/strong>, kiedy kolejny m\u0119\u017cczyzna \u0142ama\u0142 moje serce. I chocia\u017c wtedy \u015bwiat mi si\u0119 wali\u0142, a ka\u017cdy wydawa\u0142 si\u0119 mi\u0142o\u015bci\u0105 \u017cycia, wiem, \u017ce mia\u0142am czeka\u0107 na tego, kt\u00f3rego mam teraz obok siebie. Ty ju\u017c wtedy wiedzia\u0142a\u015b, \u017ce kiedy\u015b nadejdzie taki dzie\u0144 i zjawi si\u0119 m\u00f3j rycerz na bia\u0142ym koniu, a ja g\u0142upia zamiast s\u0142ucha\u0107, p\u0142aka\u0142am do poduszki.<\/p>\n<p>Mia\u0142a\u015b racj\u0119, <strong> kiedy m\u00f3wi\u0142a\u015b, \u017ce na makija\u017c jeszcze przyjdzie pora<\/strong>,a pudrowanie jest dla starych bab. Chcia\u0142abym teraz cofn\u0105\u0107 ten czas i mie\u0107 pi\u0119kn\u0105 m\u0142od\u0105 cer\u0119 nastolatki, na kt\u00f3r\u0105 tak narzeka\u0142am, zamiast pierwszych zmarszczek wok\u00f3\u0142 oczu.<\/p>\n<p>Mia\u0142a\u015b te\u017c racj\u0119, <strong>kiedy m\u00f3wi\u0142a\u015b, \u017ce wszystko do mnie dotrze<\/strong>, jak sama zostan\u0119 mam\u0105. Pami\u0119tam jak dzi\u015b, jak maj\u0105c cztery lata zarzeka\u0142am si\u0119, \u017ce ja nigdy nie b\u0119d\u0119 mam\u0105, a zawsze pozostan\u0119 normalnym dzieckiem, za\u015bmia\u0142a\u015b si\u0119 wtedy w g\u0142os, bo doskonale wiedzia\u0142a\u015b, co b\u0119dzie dalej w moim \u017cyciu.<\/p>\n<p>Mia\u0142a\u015b racj\u0119, <strong>kiedy wychowywa\u0142a\u015b mnie na porz\u0105dn\u0105 osob\u0119<\/strong>, kiedy uczy\u0142a\u015b m\u00f3wi\u0107 magiczne s\u0142owa: prosz\u0119, dzi\u0119kuj\u0119 i przepraszam, kiedy uczy\u0142a\u015b, jak dba\u0107 o starszych, jak sprz\u0105ta\u0107 w domu, jak opiekowa\u0107 si\u0119 cmentarzem i lud\u017ami, kt\u00f3rych ju\u017c mi\u0119dzy nami nie ma.<\/p>\n<p><strong>Ty we wszystkim mia\u0142a\u015b racj\u0119,<\/strong> a chocia\u017c nie m\u00f3wi\u0119 Ci tego na co dzie\u0144 i nie dzi\u0119kuj\u0119 tak oficjalnie, to chyba musisz to czu\u0107, prawda? Mam nadziej\u0119, \u017ce tak. Wiesz o tym, kiedy dzwoni\u0119 do Ciebie z ka\u017cd\u0105 pierdo\u0142\u0105 dotycz\u0105c\u0105 wychowania mojej c\u00f3ry, wiesz o tym te\u017c, kiedy odbierasz z samego rana telefon i rozmawiamy o wszystkim i o niczym.<\/p>\n<p><strong>Dzi\u0119kuj\u0119 Ci, \u017ce jeste\u015b, by\u0142a\u015b i \u017ce mo\u017cesz by\u0107 ze mn\u0105<\/strong>.<\/p>\n<p>Bo za kilkana\u015bcie lat ja b\u0119d\u0119 w tym samym miejscu, chwilami nienawidzona przez swoj\u0105 c\u00f3rk\u0119, chwilami kochana, ale mam nadziej\u0119, \u017ce na ko\u0144cu podobnie jak ja teraz, ona przyzna mi racj\u0119.<\/p>\n<p>Bo cho\u0107 czasem nie do ko\u0144ca po drodze jest nam z tymi Mamami i nie zgadzamy si\u0119 z nimi w wielu sprawach, przez lata s\u0105 k\u0142\u00f3tnie i niesnaski, obra\u017cania i przytulania, to jednak w efekcie dochodzimy do porozumienia. Bo dorastamy, zaczynamy postrzega\u0107 \u015bwiat \u00a0podobnie jak one. Dlatego pozw\u00f3lmy naszym Mamom z b\u0142yskiem w oczach powiedzie\u0107: <em>a nie m\u00f3wi\u0142am<\/em>!<\/p>\n<p>Autorka<\/p>\n<p>Monika Kampczyk<\/p>\n<p>www.kamperki.com<\/p>\n","protected":false},"excerpt":"Mamy, ach te mamy! Czemu zawsze musz\u0105 mie\u0107 racj\u0119, we wszystkim, cho\u0107 ile razy w my\u015blach prosimy: Prosz\u0119 nie tym razem! Wtr\u0105ca\u0107 nosy, dopowiada\u0107 ostatnie s\u0142owo, radzi\u0107, pomaga\u0107&#8230; a przecie\u017c my i tak zawsze wiemy lepiej, prawda? Jeste\u015bmy doros\u0142e, mamy swoje rodziny, dzieci, mamy przede wszystkim swoje zdanie i dostatecznie du\u017co ju\u017c wiemy. Jak wychowa\u0107, [&hellip;]","author":7,"featured_media":2918,"comment_status":"open","ping_status":"open","sticky":false,"template":"","format":"standard","meta":{"_acf_changed":false,"inline_featured_image":false,"editor_plus_copied_stylings":"{}","footnotes":""},"categories":[31,39],"tags":[],"class_list":["post-1252","post","type-post","status-publish","format-standard","has-post-thumbnail","hentry","category-mama","category-psychologia"],"yoast_head":"<!-- This site is optimized with the Yoast SEO plugin v27.4 - https:\/\/yoast.com\/product\/yoast-seo-wordpress\/ -->\n<title>Moja mama mia\u0142a jednak we wszystkim racj\u0119 - katarek.pl<\/title>\n<meta name=\"description\" content=\"Mamy, ach te mamy! Czemu zawsze musz\u0105 mie\u0107 racj\u0119, we wszystkim, cho\u0107 ile razy w my\u015blach prosimy: Prosz\u0119 nie tym razem! Wtr\u0105ca\u0107 nosy, dopowiada\u0107 ostatnie s\u0142owo, radzi\u0107, pomaga\u0107... a przecie\u017c my i tak zawsze wiemy lepiej, prawda? Niekoniecznie...\" \/>\n<meta name=\"robots\" content=\"index, follow, max-snippet:-1, max-image-preview:large, max-video-preview:-1\" \/>\n<link rel=\"canonical\" href=\"https:\/\/katarek.pl\/moja-mama-miala-jednak-we-wszystkim-racje\/\" \/>\n<meta property=\"og:locale\" content=\"pl_PL\" \/>\n<meta property=\"og:type\" content=\"article\" \/>\n<meta property=\"og:title\" content=\"Moja mama mia\u0142a jednak we wszystkim racj\u0119 - katarek.pl\" \/>\n<meta property=\"og:description\" content=\"Mamy, ach te mamy! Czemu zawsze musz\u0105 mie\u0107 racj\u0119, we wszystkim, cho\u0107 ile razy w my\u015blach prosimy: Prosz\u0119 nie tym razem! Wtr\u0105ca\u0107 nosy, dopowiada\u0107 ostatnie s\u0142owo, radzi\u0107, pomaga\u0107... a przecie\u017c my i tak zawsze wiemy lepiej, prawda? Niekoniecznie...\" \/>\n<meta property=\"og:url\" content=\"https:\/\/katarek.pl\/moja-mama-miala-jednak-we-wszystkim-racje\/\" \/>\n<meta property=\"og:site_name\" content=\"katarek.pl\" \/>\n<meta property=\"article:published_time\" content=\"2015-12-14T15:02:20+00:00\" \/>\n<meta property=\"og:image\" content=\"https:\/\/katarek.pl\/wp-content\/uploads\/2015\/12\/mama-z-corka.jpg\" \/>\n\t<meta property=\"og:image:width\" content=\"2356\" \/>\n\t<meta property=\"og:image:height\" content=\"1571\" \/>\n\t<meta property=\"og:image:type\" content=\"image\/jpeg\" \/>\n<meta name=\"author\" content=\"katarek\" \/>\n<meta name=\"twitter:card\" content=\"summary_large_image\" \/>\n<meta name=\"twitter:label1\" content=\"Napisane przez\" \/>\n\t<meta name=\"twitter:data1\" content=\"katarek\" \/>\n\t<meta name=\"twitter:label2\" content=\"Szacowany czas czytania\" \/>\n\t<meta name=\"twitter:data2\" content=\"5 minut\" \/>\n<script type=\"application\/ld+json\" class=\"yoast-schema-graph\">{\"@context\":\"https:\\\/\\\/schema.org\",\"@graph\":[{\"@type\":\"Article\",\"@id\":\"https:\\\/\\\/katarek.pl\\\/moja-mama-miala-jednak-we-wszystkim-racje\\\/#article\",\"isPartOf\":{\"@id\":\"https:\\\/\\\/katarek.pl\\\/moja-mama-miala-jednak-we-wszystkim-racje\\\/\"},\"author\":{\"name\":\"katarek\",\"@id\":\"https:\\\/\\\/katarek.pl\\\/#\\\/schema\\\/person\\\/c7267555b2aaad4c6d15146a155bc430\"},\"headline\":\"Moja mama mia\u0142a jednak we wszystkim racj\u0119\",\"datePublished\":\"2015-12-14T15:02:20+00:00\",\"mainEntityOfPage\":{\"@id\":\"https:\\\/\\\/katarek.pl\\\/moja-mama-miala-jednak-we-wszystkim-racje\\\/\"},\"wordCount\":917,\"commentCount\":1,\"image\":{\"@id\":\"https:\\\/\\\/katarek.pl\\\/moja-mama-miala-jednak-we-wszystkim-racje\\\/#primaryimage\"},\"thumbnailUrl\":\"https:\\\/\\\/katarek.pl\\\/wp-content\\\/uploads\\\/2015\\\/12\\\/mama-z-corka.jpg\",\"articleSection\":[\"Mama\",\"Psychologia\"],\"inLanguage\":\"pl-PL\"},{\"@type\":\"WebPage\",\"@id\":\"https:\\\/\\\/katarek.pl\\\/moja-mama-miala-jednak-we-wszystkim-racje\\\/\",\"url\":\"https:\\\/\\\/katarek.pl\\\/moja-mama-miala-jednak-we-wszystkim-racje\\\/\",\"name\":\"Moja mama mia\u0142a jednak we wszystkim racj\u0119 - katarek.pl\",\"isPartOf\":{\"@id\":\"https:\\\/\\\/katarek.pl\\\/#website\"},\"primaryImageOfPage\":{\"@id\":\"https:\\\/\\\/katarek.pl\\\/moja-mama-miala-jednak-we-wszystkim-racje\\\/#primaryimage\"},\"image\":{\"@id\":\"https:\\\/\\\/katarek.pl\\\/moja-mama-miala-jednak-we-wszystkim-racje\\\/#primaryimage\"},\"thumbnailUrl\":\"https:\\\/\\\/katarek.pl\\\/wp-content\\\/uploads\\\/2015\\\/12\\\/mama-z-corka.jpg\",\"datePublished\":\"2015-12-14T15:02:20+00:00\",\"author\":{\"@id\":\"https:\\\/\\\/katarek.pl\\\/#\\\/schema\\\/person\\\/c7267555b2aaad4c6d15146a155bc430\"},\"description\":\"Mamy, ach te mamy! Czemu zawsze musz\u0105 mie\u0107 racj\u0119, we wszystkim, cho\u0107 ile razy w my\u015blach prosimy: Prosz\u0119 nie tym razem! Wtr\u0105ca\u0107 nosy, dopowiada\u0107 ostatnie s\u0142owo, radzi\u0107, pomaga\u0107... a przecie\u017c my i tak zawsze wiemy lepiej, prawda? Niekoniecznie...\",\"breadcrumb\":{\"@id\":\"https:\\\/\\\/katarek.pl\\\/moja-mama-miala-jednak-we-wszystkim-racje\\\/#breadcrumb\"},\"inLanguage\":\"pl-PL\",\"potentialAction\":[{\"@type\":\"ReadAction\",\"target\":[\"https:\\\/\\\/katarek.pl\\\/moja-mama-miala-jednak-we-wszystkim-racje\\\/\"]}]},{\"@type\":\"ImageObject\",\"inLanguage\":\"pl-PL\",\"@id\":\"https:\\\/\\\/katarek.pl\\\/moja-mama-miala-jednak-we-wszystkim-racje\\\/#primaryimage\",\"url\":\"https:\\\/\\\/katarek.pl\\\/wp-content\\\/uploads\\\/2015\\\/12\\\/mama-z-corka.jpg\",\"contentUrl\":\"https:\\\/\\\/katarek.pl\\\/wp-content\\\/uploads\\\/2015\\\/12\\\/mama-z-corka.jpg\",\"width\":2356,\"height\":1571,\"caption\":\"Grandmother With Mother And Adult Daughter Relaxing On Sofa\"},{\"@type\":\"BreadcrumbList\",\"@id\":\"https:\\\/\\\/katarek.pl\\\/moja-mama-miala-jednak-we-wszystkim-racje\\\/#breadcrumb\",\"itemListElement\":[{\"@type\":\"ListItem\",\"position\":1,\"name\":\"Home\",\"item\":\"https:\\\/\\\/katarek.pl\\\/\"},{\"@type\":\"ListItem\",\"position\":2,\"name\":\"Blog\",\"item\":\"https:\\\/\\\/katarek.pl\\\/blog\\\/\"},{\"@type\":\"ListItem\",\"position\":3,\"name\":\"Moja mama mia\u0142a jednak we wszystkim racj\u0119\"}]},{\"@type\":\"WebSite\",\"@id\":\"https:\\\/\\\/katarek.pl\\\/#website\",\"url\":\"https:\\\/\\\/katarek.pl\\\/\",\"name\":\"katarek.pl\",\"description\":\"\",\"potentialAction\":[{\"@type\":\"SearchAction\",\"target\":{\"@type\":\"EntryPoint\",\"urlTemplate\":\"https:\\\/\\\/katarek.pl\\\/?s={search_term_string}\"},\"query-input\":{\"@type\":\"PropertyValueSpecification\",\"valueRequired\":true,\"valueName\":\"search_term_string\"}}],\"inLanguage\":\"pl-PL\"},{\"@type\":\"Person\",\"@id\":\"https:\\\/\\\/katarek.pl\\\/#\\\/schema\\\/person\\\/c7267555b2aaad4c6d15146a155bc430\",\"name\":\"katarek\",\"url\":\"https:\\\/\\\/katarek.pl\\\/author\\\/katarek\\\/\"}]}<\/script>\n<!-- \/ Yoast SEO plugin. -->","yoast_head_json":{"title":"Moja mama mia\u0142a jednak we wszystkim racj\u0119 - katarek.pl","description":"Mamy, ach te mamy! Czemu zawsze musz\u0105 mie\u0107 racj\u0119, we wszystkim, cho\u0107 ile razy w my\u015blach prosimy: Prosz\u0119 nie tym razem! Wtr\u0105ca\u0107 nosy, dopowiada\u0107 ostatnie s\u0142owo, radzi\u0107, pomaga\u0107... a przecie\u017c my i tak zawsze wiemy lepiej, prawda? Niekoniecznie...","robots":{"index":"index","follow":"follow","max-snippet":"max-snippet:-1","max-image-preview":"max-image-preview:large","max-video-preview":"max-video-preview:-1"},"canonical":"https:\/\/katarek.pl\/moja-mama-miala-jednak-we-wszystkim-racje\/","og_locale":"pl_PL","og_type":"article","og_title":"Moja mama mia\u0142a jednak we wszystkim racj\u0119 - katarek.pl","og_description":"Mamy, ach te mamy! Czemu zawsze musz\u0105 mie\u0107 racj\u0119, we wszystkim, cho\u0107 ile razy w my\u015blach prosimy: Prosz\u0119 nie tym razem! Wtr\u0105ca\u0107 nosy, dopowiada\u0107 ostatnie s\u0142owo, radzi\u0107, pomaga\u0107... a przecie\u017c my i tak zawsze wiemy lepiej, prawda? Niekoniecznie...","og_url":"https:\/\/katarek.pl\/moja-mama-miala-jednak-we-wszystkim-racje\/","og_site_name":"katarek.pl","article_published_time":"2015-12-14T15:02:20+00:00","og_image":[{"width":2356,"height":1571,"url":"https:\/\/katarek.pl\/wp-content\/uploads\/2015\/12\/mama-z-corka.jpg","type":"image\/jpeg"}],"author":"katarek","twitter_card":"summary_large_image","twitter_misc":{"Napisane przez":"katarek","Szacowany czas czytania":"5 minut"},"schema":{"@context":"https:\/\/schema.org","@graph":[{"@type":"Article","@id":"https:\/\/katarek.pl\/moja-mama-miala-jednak-we-wszystkim-racje\/#article","isPartOf":{"@id":"https:\/\/katarek.pl\/moja-mama-miala-jednak-we-wszystkim-racje\/"},"author":{"name":"katarek","@id":"https:\/\/katarek.pl\/#\/schema\/person\/c7267555b2aaad4c6d15146a155bc430"},"headline":"Moja mama mia\u0142a jednak we wszystkim racj\u0119","datePublished":"2015-12-14T15:02:20+00:00","mainEntityOfPage":{"@id":"https:\/\/katarek.pl\/moja-mama-miala-jednak-we-wszystkim-racje\/"},"wordCount":917,"commentCount":1,"image":{"@id":"https:\/\/katarek.pl\/moja-mama-miala-jednak-we-wszystkim-racje\/#primaryimage"},"thumbnailUrl":"https:\/\/katarek.pl\/wp-content\/uploads\/2015\/12\/mama-z-corka.jpg","articleSection":["Mama","Psychologia"],"inLanguage":"pl-PL"},{"@type":"WebPage","@id":"https:\/\/katarek.pl\/moja-mama-miala-jednak-we-wszystkim-racje\/","url":"https:\/\/katarek.pl\/moja-mama-miala-jednak-we-wszystkim-racje\/","name":"Moja mama mia\u0142a jednak we wszystkim racj\u0119 - katarek.pl","isPartOf":{"@id":"https:\/\/katarek.pl\/#website"},"primaryImageOfPage":{"@id":"https:\/\/katarek.pl\/moja-mama-miala-jednak-we-wszystkim-racje\/#primaryimage"},"image":{"@id":"https:\/\/katarek.pl\/moja-mama-miala-jednak-we-wszystkim-racje\/#primaryimage"},"thumbnailUrl":"https:\/\/katarek.pl\/wp-content\/uploads\/2015\/12\/mama-z-corka.jpg","datePublished":"2015-12-14T15:02:20+00:00","author":{"@id":"https:\/\/katarek.pl\/#\/schema\/person\/c7267555b2aaad4c6d15146a155bc430"},"description":"Mamy, ach te mamy! Czemu zawsze musz\u0105 mie\u0107 racj\u0119, we wszystkim, cho\u0107 ile razy w my\u015blach prosimy: Prosz\u0119 nie tym razem! Wtr\u0105ca\u0107 nosy, dopowiada\u0107 ostatnie s\u0142owo, radzi\u0107, pomaga\u0107... a przecie\u017c my i tak zawsze wiemy lepiej, prawda? Niekoniecznie...","breadcrumb":{"@id":"https:\/\/katarek.pl\/moja-mama-miala-jednak-we-wszystkim-racje\/#breadcrumb"},"inLanguage":"pl-PL","potentialAction":[{"@type":"ReadAction","target":["https:\/\/katarek.pl\/moja-mama-miala-jednak-we-wszystkim-racje\/"]}]},{"@type":"ImageObject","inLanguage":"pl-PL","@id":"https:\/\/katarek.pl\/moja-mama-miala-jednak-we-wszystkim-racje\/#primaryimage","url":"https:\/\/katarek.pl\/wp-content\/uploads\/2015\/12\/mama-z-corka.jpg","contentUrl":"https:\/\/katarek.pl\/wp-content\/uploads\/2015\/12\/mama-z-corka.jpg","width":2356,"height":1571,"caption":"Grandmother With Mother And Adult Daughter Relaxing On Sofa"},{"@type":"BreadcrumbList","@id":"https:\/\/katarek.pl\/moja-mama-miala-jednak-we-wszystkim-racje\/#breadcrumb","itemListElement":[{"@type":"ListItem","position":1,"name":"Home","item":"https:\/\/katarek.pl\/"},{"@type":"ListItem","position":2,"name":"Blog","item":"https:\/\/katarek.pl\/blog\/"},{"@type":"ListItem","position":3,"name":"Moja mama mia\u0142a jednak we wszystkim racj\u0119"}]},{"@type":"WebSite","@id":"https:\/\/katarek.pl\/#website","url":"https:\/\/katarek.pl\/","name":"katarek.pl","description":"","potentialAction":[{"@type":"SearchAction","target":{"@type":"EntryPoint","urlTemplate":"https:\/\/katarek.pl\/?s={search_term_string}"},"query-input":{"@type":"PropertyValueSpecification","valueRequired":true,"valueName":"search_term_string"}}],"inLanguage":"pl-PL"},{"@type":"Person","@id":"https:\/\/katarek.pl\/#\/schema\/person\/c7267555b2aaad4c6d15146a155bc430","name":"katarek","url":"https:\/\/katarek.pl\/author\/katarek\/"}]}},"acf":[],"gutenberg_blocks":[{"blockName":"custom-styles","attrs":{"styles":""}}],"meta_data":false,"featured_image":{"url":"https:\/\/katarek.pl\/wp-content\/uploads\/2015\/12\/mama-z-corka-1024x683.jpg"},"main_category":{"name":"Mama"},"prev_page":{"slug":"mama-w-domu-co-robi-podzial-obowiazkow"},"next_page":{"slug":"czy-katarem-mozna-zarazic-dziecko"},"_links":{"self":[{"href":"https:\/\/katarek.pl\/index.php\/wp-json\/wp\/v2\/posts\/1252","targetHints":{"allow":["GET"]}}],"collection":[{"href":"https:\/\/katarek.pl\/index.php\/wp-json\/wp\/v2\/posts"}],"about":[{"href":"https:\/\/katarek.pl\/index.php\/wp-json\/wp\/v2\/types\/post"}],"author":[{"embeddable":true,"href":"https:\/\/katarek.pl\/index.php\/wp-json\/wp\/v2\/users\/7"}],"replies":[{"embeddable":true,"href":"https:\/\/katarek.pl\/index.php\/wp-json\/wp\/v2\/comments?post=1252"}],"version-history":[{"count":0,"href":"https:\/\/katarek.pl\/index.php\/wp-json\/wp\/v2\/posts\/1252\/revisions"}],"wp:featuredmedia":[{"embeddable":true,"href":"https:\/\/katarek.pl\/index.php\/wp-json\/wp\/v2\/media\/2918"}],"wp:attachment":[{"href":"https:\/\/katarek.pl\/index.php\/wp-json\/wp\/v2\/media?parent=1252"}],"wp:term":[{"taxonomy":"category","embeddable":true,"href":"https:\/\/katarek.pl\/index.php\/wp-json\/wp\/v2\/categories?post=1252"},{"taxonomy":"post_tag","embeddable":true,"href":"https:\/\/katarek.pl\/index.php\/wp-json\/wp\/v2\/tags?post=1252"}],"curies":[{"name":"wp","href":"https:\/\/api.w.org\/{rel}","templated":true}]}}