{"id":1251,"date":"2015-12-07T15:18:23","date_gmt":"2015-12-07T15:18:23","guid":{"rendered":"https:\/\/katarek.pl\/blog\/?p=99"},"modified":"2026-01-29T15:33:06","modified_gmt":"2026-01-29T14:33:06","slug":"czy-katarem-mozna-zarazic-dziecko","status":"publish","type":"post","link":"https:\/\/katarek.pl\/czy-katarem-mozna-zarazic-dziecko\/","title":{"rendered":"Mama ma katar. Czy mog\u0119 zarazi\u0107 swoje ma\u0142e dziecko?"},"content":{"rendered":"<p><b><b>Zatkany nos, trudno\u015bci z oddychaniem. Sytuacja wyj\u0105tkowo m\u0119cz\u0105ca, a przecie\u017c to tylko katar. Ka\u017cda mama w takim momencie my\u015bli nie tylko o sobie, ale i o swoim maluszku.<\/b><\/b><\/p>\n<p><!--more--><\/p>\n<h2>Czy katarem mo\u017cna zarazi\u0107 dziecko?<\/h2>\n<p>Niestety tak. Przyczyn\u0105 zdecydowanej wi\u0119kszo\u015bci infekcji kataralnych s\u0105 wirusy. Do zaka\u017cenia dochodzi drog\u0105 kropelkow\u0105 i przy codziennym kontakcie z zakatarzon\u0105 osob\u0105. Nie ma w 100% skutecznego sposobu na ochron\u0119 dziecka przed zaka\u017ceniem, ale jest kilka \u201etrik\u00f3w\u201d, kt\u00f3re pozwol\u0105 zmniejszy\u0107 to ryzyko. Dowiedz si\u0119 zatem,\u00a0<em>jak nie zarazi\u0107 dziecka katarem<\/em>.<\/p>\n<h2>Jak nie zarazi\u0107 niemowlaka katarem?<\/h2>\n<p>W trakcie infekcji kataralnej trzeba zachowa\u0107 podstawowe \u015brodki bezpiecze\u0144stwa, by nie zarazi\u0107 malucha. Oto one:<\/p>\n<h3>Higiena, higiena i jeszcze raz higiena.<\/h3>\n<p>Myjemy r\u0119ce ciep\u0142\u0105 wod\u0105 i myd\u0142em. Jak cz\u0119sto? Kilka razy dziennie \u2013 przede wszystkim po ka\u017cdym wydmuchaniu nosa i przed ka\u017cdym kontaktem z dzieckiem (karmieniem, zmian\u0105 pieluszki itp). Wydaje si\u0119 to niemo\u017cliwe przy niemowlaku, kt\u00f3ry potrafi ju\u017c samodzielnie si\u0119 przemieszcza\u0107, bo przecie\u017c ca\u0142y czas wyci\u0105gasz je spod sto\u0142u, przenosisz w bezpieczniejsze miejsce, pomagasz wsta\u0107, kiedy zaliczy upadek. W miar\u0119 mo\u017cliwo\u015bci staraj si\u0119 jednak pami\u0119ta\u0107 o higienie. Od wiek\u00f3w powtarza si\u0119 nam, \u017ceby zas\u0142ania\u0107 buzi\u0119 r\u0119k\u0105 w trakcie kichania czy kas\u0142ania, by chroni\u0107 innych. Moja rada \u2013 kichaj w \u0142okie\u0107, a nie w r\u0119k\u0119, kt\u00f3r\u0105 p\u00f3\u017aniej dotykasz przedmiot\u00f3w w swoim otoczeniu. Dodatkowo po umyciu r\u0105k, mo\u017cesz u\u017cywa\u0107 \u015brodka dezynfekuj\u0105cego do ich odka\u017cania.<\/p>\n<h3>Buziaki tylko na odleg\u0142o\u015b\u0107<\/h3>\n<p>Wiem, \u017ce to trudne. Je\u015bli zale\u017cy Ci na tym, by <strong>nie zarazi\u0107 niemowlaka katarem<\/strong>, powstrzymaj si\u0119. Ka\u017cdy ca\u0142us bez wzgl\u0119du na to czy w policzek, czy w r\u0105czk\u0119, czy st\u00f3pk\u0119 jest dla dziecka dodatkowym \u017ar\u00f3d\u0142em zaka\u017cenia. Pami\u0119taj, \u017ce Twoje dziecko bierze do buzi wszystko \u2013 w tym r\u00f3wnie\u017c w\u0142asne palce i stopy. Wszystkie przytula\u0144ce nadrobisz, kiedy ju\u017c b\u0119dziesz zdrowa.<\/p>\n<h3>Karmienie piersi\u0105 ponad wszystko<\/h3>\n<p>Nadal karmisz piersi\u0105? Cudownie! Nie przerywaj, pomimo, \u017ce masz katar. <a href=\"https:\/\/katarek.pl\/blog\/przeziebienie-a-karmienie-piersia\/\">Karmienie piersi\u0105 podczas przezi\u0119bienia<\/a> nie jest niebezpieczne. Przekazujesz dziecku nie tylko ca\u0142e mn\u00f3stwo warto\u015bciowych sk\u0142adnik\u00f3w od\u017cywczych, ale i przeciwcia\u0142a. Nie ma lepszego sposobu wzmocnienia odporno\u015bci ni\u017c karmienie piersi\u0105. Z kolei, je\u015bli Tw\u00f3j maluch gustuje w mleku modyfikowanym to nie zapominaj o dok\u0142adnym wyparzaniu butelek i smoczk\u00f3w. Zwracaj na to szczeg\u00f3ln\u0105 uwag\u0119 w trakcie swojej w\u0142asnej infekcji, \u017ceby nie pocz\u0119stowa\u0107 dziecka dodatkowymi wirusami. Przed ka\u017cdym przygotowywaniem posi\u0142k\u00f3w dla dziecka umyj dok\u0142adnie r\u0119ce. Absolutnie nigdy (nawet w okresie zdrowia) nie pr\u00f3buj mleka z butelki dziecka (temperatur\u0119 posi\u0142ku sprawdzaj na sk\u00f3rze przedramienia), nie oblizuj smoczka, kt\u00f3ry spadnie na ziemi\u0119 (myj smoczek pod bie\u017c\u0105c\u0105 wod\u0105 i wyparzaj go wrz\u0105tkiem), a podczas podawania posi\u0142k\u00f3w sta\u0142ych nie oblizuj \u0142y\u017ceczki Twojego dziecka (je\u015bli, chcesz sprawdzi\u0107 temperatur\u0119 to u\u017cyj w\u0142asnych sztu\u0107c\u00f3w i nie wk\u0142adaj ich z powrotem do miseczki malucha).<\/p>\n<h3>\u015awie\u017ce powietrze w mieszkaniu<\/h3>\n<p>Zadbaj o odpowiedni\u0105 cyrkulacj\u0119 powietrza w mieszkaniu. Cz\u0119ste wietrzenie jest absolutn\u0105 konieczno\u015bci\u0105. Nie tylko usuniesz \u201efruwaj\u0105ce\u201d wsz\u0119dzie wirusy, ale i och\u0142odzisz nieco powietrze, co pozytywnie wp\u0142ynie na jako\u015b\u0107 Twojego oddechu. W trakcie kataru podstaw\u0105 jest dbanie o odpowiednie nawil\u017cenie dr\u00f3g oddechowych. \u015aluz\u00f3wki jamy nosowej lepiej wtedy funkcjonuj\u0105, \u0142atwiej radz\u0105 sobie z oczyszczaniem nosa. Przy deszczowej pogodzie samo otwarcie okna wp\u0142ywa te\u017c na nawil\u017cenie otoczenia. W innych sytuacjach mo\u017cesz u\u017cy\u0107 nawil\u017cacza lub umie\u015bci\u0107 mokry r\u0119cznik na grzejniku. Optymalnie wilgotno\u015b\u0107 powinna by\u0107 oznaczana na poziomie 45 do 55% (sprawdzisz to higrometrem). Dodatkowo pami\u0119taj o spacerach. O ile na dworze nie panuje jaka\u015b katastrofa meteorologiczna, to wychod\u017a z dzieckiem cz\u0119sto na dw\u00f3r.<\/p>\n<p>Podsumowuj\u0105c, <strong>jak nie zarazi\u0107 niemowlaka katarem<\/strong>?\u00a0Dbaj o siebie, mamo, i chro\u0144 swoje dziecko.<\/p>\n<p>Autorka:<\/p>\n<p>Dagmara\u00a0Chmurzy\u0144ska-Rutkowska<\/p>\n<p><a href=\"http:\/\/www.mamapediatra.blog.pl\" rel=\"nofollow\">www.mamapediatra.blog.pl<\/a><\/p>\n<p>Sprawd\u017a tak\u017ce inne nasze wpisy, np. o tym, jak przebiega\u00a0<a href=\"https:\/\/katarek.pl\/blog\/kolor-kataru-u-dziecka-o-czym-swiadczy\/\">katar u dziecka<\/a>\u00a0czy te\u017c <a href=\"https:\/\/katarek.pl\/blog\/dlaczego-jesienia-lapiemy-katar\/\">alergia jesieni\u0105<\/a>.<\/p>\n\n<section class=\"product-tabs alignfull section-mb-xxs \">\n\t<div class=\"container container--mobile-overflow\">\n\t\t\t\t\t\n\t\t\n\t\t\n\t\t\t<nav class=\"py-spacer-32 w-full border-b-1 border-primary-300 overflow-x-auto\">\n\t\t\t\t<ul class=\"flex items-center md:justify-center gap-spacer-32 flex-nowrap\">\n\t\t\t\t\t\t\t\t\t\t\t<li>\n\t\t\t\t\t\t\t<button class=\"product-tabs__tab link-underline title-sm !text-primary-700 font-bold active\" data-target=\"category-16\">\n\t\t\t\t\t\t\t\tAspiratory\n\t\t\t\t\t\t\t<\/button>\n\t\t\t\t\t\t<\/li>\n\t\t\t\t\t\t\t\t\t\t\t<li>\n\t\t\t\t\t\t\t<button class=\"product-tabs__tab link-underline title-sm !text-primary-700 font-bold \" data-target=\"category-19\">\n\t\t\t\t\t\t\t\tNebulizatory\n\t\t\t\t\t\t\t<\/button>\n\t\t\t\t\t\t<\/li>\n\t\t\t\t\t\t\t\t\t\t\t<li>\n\t\t\t\t\t\t\t<button class=\"product-tabs__tab link-underline title-sm !text-primary-700 font-bold \" data-target=\"category-21\">\n\t\t\t\t\t\t\t\tSole\n\t\t\t\t\t\t\t<\/button>\n\t\t\t\t\t\t<\/li>\n\t\t\t\t\t\t\t\t\t<\/ul>\n\t\t\t<\/nav>\n\n\t\t\t<div class=\"product-tabs\">\n\t\t\t\t\t\t\t\t\t<div data-content=\"category-16\" class=\"product-tabs__content active\">\n\t\t\t\t\t\t<div class=\"overflow-x-auto flex flex-nowrap gap-32 py-spacer-48 mb-32 lg:mb-0\">\n\t\t\t\t\t\t\t\t\t\t\t\t\t\t\t\t\t\t\t\t\t\t\t\t                              \n\n<div class=\"product-card product-card-trustmate-container flex flex-col relative group min-w-[90vw] lg:min-w-0 lg:w-[calc(100%_\/_3_-_1.5rem)]\">\n\n      <div class=\"bg-secondary-200 rounded-t-20 relative\">\n              <div class=\"post-tags absolute z-10 top-14 left-16 flex flex-wrap gap-8\">\n\n                      \t\t\n\t\t\t\t\t\t\t\t<span class=\"tag pink\">Promocja<\/span>\n\t\t\t\n                    \t\t\n\t\t\t\t\t\t\t\t\t\t\t\t\t<span class=\"tag yellow\">z kodem -15%<\/span>\n\t\t\t\n        <\/div>\n            <div class=\"post-image rounded-t-20 overflow-hidden relative aspect-[6\/5]\">\n        <a class=\"stretched-link\" href=\"https:\/\/katarek.pl\/produkt\/zestaw-katarek-travel-2w1-adapter-do-odkurzaczy-pionowych\/\">\n          <span class=\"sr-only\">Zestaw Katarek Travel 2w1 + Adapter do odkurzaczy pionowych<\/span>\n        <\/a>\n        <div class=\"transition-opacity   group-hover:opacity-0 \">\n          <img loading=\"lazy\" decoding=\"async\" width=\"768\" height=\"768\" src=\"https:\/\/katarek.pl\/wp-content\/uploads\/2025\/11\/3-768x768.png\" class=\"h-full w-full object-cover aspect-[6\/5]\" alt=\"Zestaw Katarek Travel + Adapter do odkurzaczy pionowych - zestaw 3 w 1 na katar w tym ustnie\" srcset=\"https:\/\/katarek.pl\/wp-content\/uploads\/2025\/11\/3-768x768.png 768w, https:\/\/katarek.pl\/wp-content\/uploads\/2025\/11\/3-450x450.png 450w, https:\/\/katarek.pl\/wp-content\/uploads\/2025\/11\/3-250x250.png 250w, https:\/\/katarek.pl\/wp-content\/uploads\/2025\/11\/3-500x500.png 500w, https:\/\/katarek.pl\/wp-content\/uploads\/2025\/11\/3-485x485.png 485w, https:\/\/katarek.pl\/wp-content\/uploads\/2025\/11\/3-600x600.png 600w, https:\/\/katarek.pl\/wp-content\/uploads\/2025\/11\/3-100x100.png 100w, https:\/\/katarek.pl\/wp-content\/uploads\/2025\/11\/3.png 900w\" sizes=\"(max-width: 768px) 100vw, 768px\" \/>\n\n        <\/div>\n\n                  <div class=\"absolute inset-0 opacity-0 transition-opacity group-hover:opacity-100\">\n            <img loading=\"lazy\" decoding=\"async\" width=\"768\" height=\"768\" src=\"https:\/\/katarek.pl\/wp-content\/uploads\/2025\/11\/2-768x768.png\" class=\"h-full w-full object-cover aspect-[6\/5]\" alt=\"Zestaw zawiera katarek Travel aspirator kataru dla dzieci oraz adapter do odkurzaczy pionowych\" srcset=\"https:\/\/katarek.pl\/wp-content\/uploads\/2025\/11\/2-768x768.png 768w, https:\/\/katarek.pl\/wp-content\/uploads\/2025\/11\/2-450x450.png 450w, https:\/\/katarek.pl\/wp-content\/uploads\/2025\/11\/2-250x250.png 250w, https:\/\/katarek.pl\/wp-content\/uploads\/2025\/11\/2-500x500.png 500w, https:\/\/katarek.pl\/wp-content\/uploads\/2025\/11\/2-485x485.png 485w, https:\/\/katarek.pl\/wp-content\/uploads\/2025\/11\/2-600x600.png 600w, https:\/\/katarek.pl\/wp-content\/uploads\/2025\/11\/2-100x100.png 100w, https:\/\/katarek.pl\/wp-content\/uploads\/2025\/11\/2.png 900w\" sizes=\"(max-width: 768px) 100vw, 768px\" \/>\n\n          <\/div>\n        \n      <\/div>\n    <\/div>\n\n    <div class=\"product-card__details bg-white p-12 lg:p-24 flex flex-col gap-20 rounded-b-20 h-full\" data-product-id=\"4298\">\n    <div class=\"inline-block self-start product-card-trustmate__rating\">\n      <a class=\"product-card__title !text-primary-700  inline link-underline h5 font-medium\" href=\"https:\/\/katarek.pl\/produkt\/zestaw-katarek-travel-2w1-adapter-do-odkurzaczy-pionowych\/\">\n        Zestaw Katarek Travel 2w1 + Adapter do odkurzaczy pionowych\n      <\/a>\n    <\/div>\n\n          <div class=\"product-card__description line-clamp-3 text-md text-gray-500\"><p>odci\u0105ganiesz katar odkurzaczem poziomym, pionowym oraz wyj\u0105tkowo ustami. Must have do wyprawki!<\/p><\/div>\n    \n          <div class=\"flex justify-between gap-14 flex-wrap mt-auto\">\n        <div class=\"product-price h4 font-semibold self-end text-pink-800\">\n          <span class=\"woocommerce-Price-amount amount\"><bdi>111,99&nbsp;<span class=\"woocommerce-Price-currencySymbol\">&#122;&#322;<\/span><\/bdi><\/span>\n        <\/div>\n        <div class=\"product-card__button\">\n\n          <a href=\"\/?add-to-cart=4298\" data-product_id=\"4298\" target=\"_self\" class=\"button primary add_to_cart_button ajax_add_to_cart\">\n            <span>\n              Dodaj do koszyka\n            <\/span>\n\n            <svg xmlns=\"http:\/\/www.w3.org\/2000\/svg\" width=\"24\" height=\"24\" viewbox=\"0 0 24 24\" fill=\"none\">\n\t<path d=\"M4 12H20M20 12L14.6667 7M20 12L14.6667 17\" stroke=\"currentColor\" stroke-width=\"1.5\" stroke-linecap=\"round\"\/>\n<\/svg>\n\n          <\/a>\n\n        <\/div>\n      <\/div>\n      <\/div>\n<\/div>\n\t\t\t\t\t\t\t\t\t\t\t\t\t\t\t\t\t                              \n\n<div class=\"product-card product-card-trustmate-container flex flex-col relative group min-w-[90vw] lg:min-w-0 lg:w-[calc(100%_\/_3_-_1.5rem)]\">\n\n      <div class=\"bg-secondary-200 rounded-t-20 relative\">\n              <div class=\"post-tags absolute z-10 top-14 left-16 flex flex-wrap gap-8\">\n\n                      \t\t\n\t\t\t\t\t\t\t\t<span class=\"tag pink\">Promocja<\/span>\n\t\t\t\n                            <\/div>\n            <div class=\"post-image rounded-t-20 overflow-hidden relative aspect-[6\/5]\">\n        <a class=\"stretched-link\" href=\"https:\/\/katarek.pl\/produkt\/katarek-standard\/\">\n          <span class=\"sr-only\">Katarek Standard<\/span>\n        <\/a>\n        <div class=\"transition-opacity   group-hover:opacity-0 \">\n          <img loading=\"lazy\" decoding=\"async\" width=\"768\" height=\"768\" src=\"https:\/\/katarek.pl\/wp-content\/uploads\/2025\/09\/6-768x768.png\" class=\"h-full w-full object-cover aspect-[6\/5]\" alt=\"Aspirator do kataru dla dzieci Katarek Standard\" srcset=\"https:\/\/katarek.pl\/wp-content\/uploads\/2025\/09\/6-768x768.png 768w, https:\/\/katarek.pl\/wp-content\/uploads\/2025\/09\/6-450x450.png 450w, https:\/\/katarek.pl\/wp-content\/uploads\/2025\/09\/6-250x250.png 250w, https:\/\/katarek.pl\/wp-content\/uploads\/2025\/09\/6-500x500.png 500w, https:\/\/katarek.pl\/wp-content\/uploads\/2025\/09\/6-485x485.png 485w, https:\/\/katarek.pl\/wp-content\/uploads\/2025\/09\/6-600x600.png 600w, https:\/\/katarek.pl\/wp-content\/uploads\/2025\/09\/6-100x100.png 100w, https:\/\/katarek.pl\/wp-content\/uploads\/2025\/09\/6.png 1000w\" sizes=\"(max-width: 768px) 100vw, 768px\" \/>\n\n        <\/div>\n\n                  <div class=\"absolute inset-0 opacity-0 transition-opacity group-hover:opacity-100\">\n            <img loading=\"lazy\" decoding=\"async\" width=\"768\" height=\"768\" src=\"https:\/\/katarek.pl\/wp-content\/uploads\/2025\/07\/Projekt-bez-nazwy-52-768x768.png\" class=\"h-full w-full object-cover aspect-[6\/5]\" alt=\"Aspirator Katarek Standard z 2 ko\u0144c\u00f3wkami\" srcset=\"https:\/\/katarek.pl\/wp-content\/uploads\/2025\/07\/Projekt-bez-nazwy-52-768x768.png 768w, https:\/\/katarek.pl\/wp-content\/uploads\/2025\/07\/Projekt-bez-nazwy-52-450x450.png 450w, https:\/\/katarek.pl\/wp-content\/uploads\/2025\/07\/Projekt-bez-nazwy-52-250x250.png 250w, https:\/\/katarek.pl\/wp-content\/uploads\/2025\/07\/Projekt-bez-nazwy-52-500x500.png 500w, https:\/\/katarek.pl\/wp-content\/uploads\/2025\/07\/Projekt-bez-nazwy-52-485x485.png 485w, https:\/\/katarek.pl\/wp-content\/uploads\/2025\/07\/Projekt-bez-nazwy-52-600x600.png 600w, https:\/\/katarek.pl\/wp-content\/uploads\/2025\/07\/Projekt-bez-nazwy-52-100x100.png 100w, https:\/\/katarek.pl\/wp-content\/uploads\/2025\/07\/Projekt-bez-nazwy-52.png 1000w\" sizes=\"(max-width: 768px) 100vw, 768px\" \/>\n\n          <\/div>\n        \n      <\/div>\n    <\/div>\n\n    <div class=\"product-card__details bg-white p-12 lg:p-24 flex flex-col gap-20 rounded-b-20 h-full\" data-product-id=\"3142\">\n    <div class=\"inline-block self-start product-card-trustmate__rating\">\n      <a class=\"product-card__title !text-primary-700  inline link-underline h5 font-medium\" href=\"https:\/\/katarek.pl\/produkt\/katarek-standard\/\">\n        Katarek Standard\n      <\/a>\n    <\/div>\n\n          <div class=\"product-card__description line-clamp-3 text-md text-gray-500\"><p>prosty ale bardzo pomocny. Aspirator kataru do odkurzacza, kt\u00f3ry pokona nawet g\u0119st\u0105, zielon\u0105 wydzielin\u0119!<\/p><\/div>\n    \n          <div class=\"flex justify-between gap-14 flex-wrap mt-auto\">\n        <div class=\"product-price h4 font-semibold self-end text-pink-800\">\n          <span class=\"woocommerce-Price-amount amount\"><bdi>53,00&nbsp;<span class=\"woocommerce-Price-currencySymbol\">&#122;&#322;<\/span><\/bdi><\/span>\n        <\/div>\n        <div class=\"product-card__button\">\n\n          <a href=\"\/?add-to-cart=3142\" data-product_id=\"3142\" target=\"_self\" class=\"button primary add_to_cart_button ajax_add_to_cart\">\n            <span>\n              Dodaj do koszyka\n            <\/span>\n\n            <svg xmlns=\"http:\/\/www.w3.org\/2000\/svg\" width=\"24\" height=\"24\" viewbox=\"0 0 24 24\" fill=\"none\">\n\t<path d=\"M4 12H20M20 12L14.6667 7M20 12L14.6667 17\" stroke=\"currentColor\" stroke-width=\"1.5\" stroke-linecap=\"round\"\/>\n<\/svg>\n\n          <\/a>\n\n        <\/div>\n      <\/div>\n      <\/div>\n<\/div>\n\t\t\t\t\t\t\t\t\t\t\t\t\t\t\t\t\t                              \n\n<div class=\"product-card product-card-trustmate-container flex flex-col relative group min-w-[90vw] lg:min-w-0 lg:w-[calc(100%_\/_3_-_1.5rem)]\">\n\n      <div class=\"bg-secondary-200 rounded-t-20 relative\">\n              <div class=\"post-tags absolute z-10 top-14 left-16 flex flex-wrap gap-8\">\n\n                      \t\t\n\t\t\t\t\t\t\t\t<span class=\"tag pink\">Promocja<\/span>\n\t\t\t\n                            <\/div>\n            <div class=\"post-image rounded-t-20 overflow-hidden relative aspect-[6\/5]\">\n        <a class=\"stretched-link\" href=\"https:\/\/katarek.pl\/produkt\/katarek-simple\/\">\n          <span class=\"sr-only\">Katarek Simple<\/span>\n        <\/a>\n        <div class=\"transition-opacity   group-hover:opacity-0 \">\n          <img loading=\"lazy\" decoding=\"async\" width=\"768\" height=\"768\" src=\"https:\/\/katarek.pl\/wp-content\/uploads\/2025\/07\/Projekt-bez-nazwy-83-768x768.png\" class=\"h-full w-full object-cover aspect-[6\/5]\" alt=\"Prosty, tani aspirator kataru do odkurzacza Katarek Simple\" srcset=\"https:\/\/katarek.pl\/wp-content\/uploads\/2025\/07\/Projekt-bez-nazwy-83-768x768.png 768w, https:\/\/katarek.pl\/wp-content\/uploads\/2025\/07\/Projekt-bez-nazwy-83-450x450.png 450w, https:\/\/katarek.pl\/wp-content\/uploads\/2025\/07\/Projekt-bez-nazwy-83-250x250.png 250w, https:\/\/katarek.pl\/wp-content\/uploads\/2025\/07\/Projekt-bez-nazwy-83-500x500.png 500w, https:\/\/katarek.pl\/wp-content\/uploads\/2025\/07\/Projekt-bez-nazwy-83-485x485.png 485w, https:\/\/katarek.pl\/wp-content\/uploads\/2025\/07\/Projekt-bez-nazwy-83-600x600.png 600w, https:\/\/katarek.pl\/wp-content\/uploads\/2025\/07\/Projekt-bez-nazwy-83-100x100.png 100w, https:\/\/katarek.pl\/wp-content\/uploads\/2025\/07\/Projekt-bez-nazwy-83.png 1000w\" sizes=\"(max-width: 768px) 100vw, 768px\" \/>\n\n        <\/div>\n\n                  <div class=\"absolute inset-0 opacity-0 transition-opacity group-hover:opacity-100\">\n            <img loading=\"lazy\" decoding=\"async\" width=\"768\" height=\"768\" src=\"https:\/\/katarek.pl\/wp-content\/uploads\/2025\/07\/Projekt-bez-nazwy-53-768x768.png\" class=\"h-full w-full object-cover aspect-[6\/5]\" alt=\"Podstawowy Katarek Simple - aspirator kataru do odkurzacza dla dzieci\" srcset=\"https:\/\/katarek.pl\/wp-content\/uploads\/2025\/07\/Projekt-bez-nazwy-53-768x768.png 768w, https:\/\/katarek.pl\/wp-content\/uploads\/2025\/07\/Projekt-bez-nazwy-53-450x450.png 450w, https:\/\/katarek.pl\/wp-content\/uploads\/2025\/07\/Projekt-bez-nazwy-53-250x250.png 250w, https:\/\/katarek.pl\/wp-content\/uploads\/2025\/07\/Projekt-bez-nazwy-53-500x500.png 500w, https:\/\/katarek.pl\/wp-content\/uploads\/2025\/07\/Projekt-bez-nazwy-53-485x485.png 485w, https:\/\/katarek.pl\/wp-content\/uploads\/2025\/07\/Projekt-bez-nazwy-53-600x600.png 600w, https:\/\/katarek.pl\/wp-content\/uploads\/2025\/07\/Projekt-bez-nazwy-53-100x100.png 100w, https:\/\/katarek.pl\/wp-content\/uploads\/2025\/07\/Projekt-bez-nazwy-53.png 1000w\" sizes=\"(max-width: 768px) 100vw, 768px\" \/>\n\n          <\/div>\n        \n      <\/div>\n    <\/div>\n\n    <div class=\"product-card__details bg-white p-12 lg:p-24 flex flex-col gap-20 rounded-b-20 h-full\" data-product-id=\"3120\">\n    <div class=\"inline-block self-start product-card-trustmate__rating\">\n      <a class=\"product-card__title !text-primary-700  inline link-underline h5 font-medium\" href=\"https:\/\/katarek.pl\/produkt\/katarek-simple\/\">\n        Katarek Simple\n      <\/a>\n    <\/div>\n\n          <div class=\"product-card__description line-clamp-3 text-md text-gray-500\"><p>podstawowy aspirator, kt\u00f3ry efektywnie \u015bci\u0105ga katar od pierwszego dnia dziecka<\/p><\/div>\n    \n          <div class=\"flex justify-between gap-14 flex-wrap mt-auto\">\n        <div class=\"product-price h4 font-semibold self-end text-pink-800\">\n          <span class=\"woocommerce-Price-amount amount\"><bdi>42,40&nbsp;<span class=\"woocommerce-Price-currencySymbol\">&#122;&#322;<\/span><\/bdi><\/span>\n        <\/div>\n        <div class=\"product-card__button\">\n\n          <a href=\"\/?add-to-cart=3120\" data-product_id=\"3120\" target=\"_self\" class=\"button primary add_to_cart_button ajax_add_to_cart\">\n            <span>\n              Dodaj do koszyka\n            <\/span>\n\n            <svg xmlns=\"http:\/\/www.w3.org\/2000\/svg\" width=\"24\" height=\"24\" viewbox=\"0 0 24 24\" fill=\"none\">\n\t<path d=\"M4 12H20M20 12L14.6667 7M20 12L14.6667 17\" stroke=\"currentColor\" stroke-width=\"1.5\" stroke-linecap=\"round\"\/>\n<\/svg>\n\n          <\/a>\n\n        <\/div>\n      <\/div>\n      <\/div>\n<\/div>\n\t\t\t\t\t\t\t\t\t\t\t\t\t\t\t\t\t\t\t\t\t<\/div>\n\t\t\t\t\t\t<div class=\"flex place-content-center\">\n\t\t\t\t\t\t\t\t\n\t\n\t\n\t\t\n\t\t\t<a href=\"https:\/\/katarek.pl\/kategoria-produktu\/aspiratory\/\" target=\"_self\"  class=\"button outlined   \">\n\t\t\t\t<span>\n\t\t\t\t\tZobacz wi\u0119cej\n\t\t\t\t<\/span>\n\n\t\t\t\t\t\t\t\t\t<svg xmlns=\"http:\/\/www.w3.org\/2000\/svg\" width=\"24\" height=\"24\" viewbox=\"0 0 24 24\" fill=\"none\">\n\t<path d=\"M4 12H20M20 12L14.6667 7M20 12L14.6667 17\" stroke=\"currentColor\" stroke-width=\"1.5\" stroke-linecap=\"round\"\/>\n<\/svg>\n\n\t\t\t\t\n\t\t\t<\/a>\n\n\t\t\n\t\n\t\t\t\t\t\t<\/div>\n\t\t\t\t\t<\/div>\n\t\t\t\t\t\t\t\t\t<div data-content=\"category-19\" class=\"product-tabs__content \">\n\t\t\t\t\t\t<div class=\"overflow-x-auto flex flex-nowrap gap-32 py-spacer-48 mb-32 lg:mb-0\">\n\t\t\t\t\t\t\t\t\t\t\t\t\t\t\t\t\t\t\t\t\t\t\t\t                              \n\n<div class=\"product-card product-card-trustmate-container flex flex-col relative group min-w-[90vw] lg:min-w-0 lg:w-[calc(100%_\/_3_-_1.5rem)]\">\n\n      <div class=\"bg-secondary-200 rounded-t-20 relative\">\n              <div class=\"post-tags absolute z-10 top-14 left-16 flex flex-wrap gap-8\">\n\n                      \t\t\n\t\t\t\t\t\t\t\t<span class=\"tag pink\">Promocja<\/span>\n\t\t\t\n                    \t\t\n\t\t\t\t\t\t\t\t\t\t\t\t\t<span class=\"tag yellow\">Nowo\u015b\u0107<\/span>\n\t\t\t\t\t\t\t\t\t\t\t\t\t\t\t<span class=\"tag yellow\">z kodem -15%<\/span>\n\t\t\t\n        <\/div>\n            <div class=\"post-image rounded-t-20 overflow-hidden relative aspect-[6\/5]\">\n        <a class=\"stretched-link\" href=\"https:\/\/katarek.pl\/produkt\/helpmedi-nebucare-secure\/\">\n          <span class=\"sr-only\">Helpmedi NebuCare.Secure<\/span>\n        <\/a>\n        <div class=\"transition-opacity   group-hover:opacity-0 \">\n          <img loading=\"lazy\" decoding=\"async\" width=\"768\" height=\"768\" src=\"https:\/\/katarek.pl\/wp-content\/uploads\/2026\/03\/1-768x768.webp\" class=\"h-full w-full object-cover aspect-[6\/5]\" alt=\"Ne_03C\" srcset=\"https:\/\/katarek.pl\/wp-content\/uploads\/2026\/03\/1-768x768.webp 768w, https:\/\/katarek.pl\/wp-content\/uploads\/2026\/03\/1-450x450.webp 450w, https:\/\/katarek.pl\/wp-content\/uploads\/2026\/03\/1-250x250.webp 250w, https:\/\/katarek.pl\/wp-content\/uploads\/2026\/03\/1-500x500.webp 500w, https:\/\/katarek.pl\/wp-content\/uploads\/2026\/03\/1-485x485.webp 485w, https:\/\/katarek.pl\/wp-content\/uploads\/2026\/03\/1-600x600.webp 600w, https:\/\/katarek.pl\/wp-content\/uploads\/2026\/03\/1-100x100.webp 100w, https:\/\/katarek.pl\/wp-content\/uploads\/2026\/03\/1.webp 900w\" sizes=\"(max-width: 768px) 100vw, 768px\" \/>\n\n        <\/div>\n\n                  <div class=\"absolute inset-0 opacity-0 transition-opacity group-hover:opacity-100\">\n            <img loading=\"lazy\" decoding=\"async\" width=\"768\" height=\"768\" src=\"https:\/\/katarek.pl\/wp-content\/uploads\/2026\/03\/7-768x768.webp\" class=\"h-full w-full object-cover aspect-[6\/5]\" alt=\"Ne-03C_ty\u0142_maska\" srcset=\"https:\/\/katarek.pl\/wp-content\/uploads\/2026\/03\/7-768x768.webp 768w, https:\/\/katarek.pl\/wp-content\/uploads\/2026\/03\/7-450x450.webp 450w, https:\/\/katarek.pl\/wp-content\/uploads\/2026\/03\/7-250x250.webp 250w, https:\/\/katarek.pl\/wp-content\/uploads\/2026\/03\/7-500x500.webp 500w, https:\/\/katarek.pl\/wp-content\/uploads\/2026\/03\/7-485x485.webp 485w, https:\/\/katarek.pl\/wp-content\/uploads\/2026\/03\/7-600x600.webp 600w, https:\/\/katarek.pl\/wp-content\/uploads\/2026\/03\/7-100x100.webp 100w, https:\/\/katarek.pl\/wp-content\/uploads\/2026\/03\/7.webp 900w\" sizes=\"(max-width: 768px) 100vw, 768px\" \/>\n\n          <\/div>\n        \n      <\/div>\n    <\/div>\n\n    <div class=\"product-card__details bg-white p-12 lg:p-24 flex flex-col gap-20 rounded-b-20 h-full\" data-product-id=\"5689\">\n    <div class=\"inline-block self-start product-card-trustmate__rating\">\n      <a class=\"product-card__title !text-primary-700  inline link-underline h5 font-medium\" href=\"https:\/\/katarek.pl\/produkt\/helpmedi-nebucare-secure\/\">\n        Helpmedi NebuCare.Secure\n      <\/a>\n    <\/div>\n\n          <div class=\"product-card__description line-clamp-3 text-md text-gray-500\"><p>Ultracichy, mobilny nebulizator siateczkowy z trybem czyszczenia g\u0142owicy<\/p><\/div>\n    \n          <div class=\"flex justify-between gap-14 flex-wrap mt-auto\">\n        <div class=\"product-price h4 font-semibold self-end text-pink-800\">\n          <span class=\"woocommerce-Price-amount amount\"><bdi>179,00&nbsp;<span class=\"woocommerce-Price-currencySymbol\">&#122;&#322;<\/span><\/bdi><\/span>\n        <\/div>\n        <div class=\"product-card__button\">\n\n          <a href=\"\/?add-to-cart=5689\" data-product_id=\"5689\" target=\"_self\" class=\"button primary add_to_cart_button ajax_add_to_cart\">\n            <span>\n              Dodaj do koszyka\n            <\/span>\n\n            <svg xmlns=\"http:\/\/www.w3.org\/2000\/svg\" width=\"24\" height=\"24\" viewbox=\"0 0 24 24\" fill=\"none\">\n\t<path d=\"M4 12H20M20 12L14.6667 7M20 12L14.6667 17\" stroke=\"currentColor\" stroke-width=\"1.5\" stroke-linecap=\"round\"\/>\n<\/svg>\n\n          <\/a>\n\n        <\/div>\n      <\/div>\n      <\/div>\n<\/div>\n\t\t\t\t\t\t\t\t\t\t\t\t\t\t\t\t\t              \n\n<div class=\"product-card product-card-trustmate-container flex flex-col relative group min-w-[90vw] lg:min-w-0 lg:w-[calc(100%_\/_3_-_1.5rem)]\">\n\n      <div class=\"bg-secondary-200 rounded-t-20 relative\">\n            <div class=\"post-image rounded-t-20 overflow-hidden relative aspect-[6\/5]\">\n        <a class=\"stretched-link\" href=\"https:\/\/katarek.pl\/produkt\/zestaw-czesci-zamiennych-basic-cnb69010a-katarek-nebulizator-kompresorowy\/\">\n          <span class=\"sr-only\">Uniwersalny zestaw cz\u0119\u015bci zamiennych BASIC (A), KATAREK Nebulizator kompresorowy<\/span>\n        <\/a>\n        <div class=\"transition-opacity   group-hover:opacity-0 \">\n          <img loading=\"lazy\" decoding=\"async\" width=\"768\" height=\"768\" src=\"https:\/\/katarek.pl\/wp-content\/uploads\/2025\/07\/Uniwersalny-komplet-czesci-zamiennych-BASICA_KATAREK-Nebulizator-kompresorowy-768x768.png\" class=\"h-full w-full object-cover aspect-[6\/5]\" alt=\"Uniwersalny-komplet-czesci-zamiennych-BASIC-A-KATAREK-Nebulizator-kompresorowy\" srcset=\"https:\/\/katarek.pl\/wp-content\/uploads\/2025\/07\/Uniwersalny-komplet-czesci-zamiennych-BASICA_KATAREK-Nebulizator-kompresorowy-768x768.png 768w, https:\/\/katarek.pl\/wp-content\/uploads\/2025\/07\/Uniwersalny-komplet-czesci-zamiennych-BASICA_KATAREK-Nebulizator-kompresorowy-450x450.png 450w, https:\/\/katarek.pl\/wp-content\/uploads\/2025\/07\/Uniwersalny-komplet-czesci-zamiennych-BASICA_KATAREK-Nebulizator-kompresorowy-1024x1024.png 1024w, https:\/\/katarek.pl\/wp-content\/uploads\/2025\/07\/Uniwersalny-komplet-czesci-zamiennych-BASICA_KATAREK-Nebulizator-kompresorowy-250x250.png 250w, https:\/\/katarek.pl\/wp-content\/uploads\/2025\/07\/Uniwersalny-komplet-czesci-zamiennych-BASICA_KATAREK-Nebulizator-kompresorowy-500x500.png 500w, https:\/\/katarek.pl\/wp-content\/uploads\/2025\/07\/Uniwersalny-komplet-czesci-zamiennych-BASICA_KATAREK-Nebulizator-kompresorowy-485x485.png 485w, https:\/\/katarek.pl\/wp-content\/uploads\/2025\/07\/Uniwersalny-komplet-czesci-zamiennych-BASICA_KATAREK-Nebulizator-kompresorowy-600x600.png 600w, https:\/\/katarek.pl\/wp-content\/uploads\/2025\/07\/Uniwersalny-komplet-czesci-zamiennych-BASICA_KATAREK-Nebulizator-kompresorowy-100x100.png 100w, https:\/\/katarek.pl\/wp-content\/uploads\/2025\/07\/Uniwersalny-komplet-czesci-zamiennych-BASICA_KATAREK-Nebulizator-kompresorowy.png 1500w\" sizes=\"(max-width: 768px) 100vw, 768px\" \/>\n\n        <\/div>\n\n                  <div class=\"absolute inset-0 opacity-0 transition-opacity group-hover:opacity-100\">\n            <img loading=\"lazy\" decoding=\"async\" width=\"768\" height=\"768\" src=\"https:\/\/katarek.pl\/wp-content\/uploads\/2025\/07\/katarek-uniwersalny-zestaw-czesci-zamiennych-basic-a-768x768.png\" class=\"h-full w-full object-cover aspect-[6\/5]\" alt=\"Katarek nebulizator - cz\u0119\u015bci zamienne i maseczki\" srcset=\"https:\/\/katarek.pl\/wp-content\/uploads\/2025\/07\/katarek-uniwersalny-zestaw-czesci-zamiennych-basic-a-768x768.png 768w, https:\/\/katarek.pl\/wp-content\/uploads\/2025\/07\/katarek-uniwersalny-zestaw-czesci-zamiennych-basic-a-485x485.png 485w, https:\/\/katarek.pl\/wp-content\/uploads\/2025\/07\/katarek-uniwersalny-zestaw-czesci-zamiennych-basic-a-100x100.png 100w, https:\/\/katarek.pl\/wp-content\/uploads\/2025\/07\/katarek-uniwersalny-zestaw-czesci-zamiennych-basic-a-600x600.png 600w, https:\/\/katarek.pl\/wp-content\/uploads\/2025\/07\/katarek-uniwersalny-zestaw-czesci-zamiennych-basic-a-300x300.png 300w, https:\/\/katarek.pl\/wp-content\/uploads\/2025\/07\/katarek-uniwersalny-zestaw-czesci-zamiennych-basic-a-1024x1024.png 1024w, https:\/\/katarek.pl\/wp-content\/uploads\/2025\/07\/katarek-uniwersalny-zestaw-czesci-zamiennych-basic-a-150x150.png 150w, https:\/\/katarek.pl\/wp-content\/uploads\/2025\/07\/katarek-uniwersalny-zestaw-czesci-zamiennych-basic-a-500x500.png 500w, https:\/\/katarek.pl\/wp-content\/uploads\/2025\/07\/katarek-uniwersalny-zestaw-czesci-zamiennych-basic-a-450x450.png 450w, https:\/\/katarek.pl\/wp-content\/uploads\/2025\/07\/katarek-uniwersalny-zestaw-czesci-zamiennych-basic-a.png 1080w\" sizes=\"(max-width: 768px) 100vw, 768px\" \/>\n\n          <\/div>\n        \n      <\/div>\n    <\/div>\n\n    <div class=\"product-card__details bg-white p-12 lg:p-24 flex flex-col gap-20 rounded-b-20 h-full\" data-product-id=\"3117\">\n    <div class=\"inline-block self-start product-card-trustmate__rating\">\n      <a class=\"product-card__title !text-primary-700  inline link-underline h5 font-medium\" href=\"https:\/\/katarek.pl\/produkt\/zestaw-czesci-zamiennych-basic-cnb69010a-katarek-nebulizator-kompresorowy\/\">\n        Uniwersalny zestaw cz\u0119\u015bci zamiennych BASIC (A), KATAREK Nebulizator kompresorowy\n      <\/a>\n    <\/div>\n\n          <div class=\"product-card__description line-clamp-3 text-md text-gray-500\"><!-- wp:paragraph {\"className\":\"\",\"epAnimationGeneratedClass\":\"edplus_anim-cLL2IQ\",\"epGeneratedClass\":\"eplus-wrapper\"} -->\r\n<p class=\" eplus-wrapper\">zestaw cz\u0119\u015bci zamiennych zawiera: filtr powietrza (5 szt.), maska inhalacyjna ma\u0142a, maska inhalacyjna du\u017ca, ustnik, przew\u00f3d powietrzny<\/p>\r\n<!-- \/wp:paragraph -->\r\n\r\n<!-- wp:paragraph {\"className\":\"\",\"epAnimationGeneratedClass\":\"edplus_anim-cLL2IQ\",\"epGeneratedClass\":\"eplus-wrapper\"} --><!-- \/wp:paragraph --><\/div>\n    \n          <div class=\"flex justify-between gap-14 flex-wrap mt-auto\">\n        <div class=\"product-price h4 font-semibold self-end text-primary-600\">\n          <span class=\"woocommerce-Price-amount amount\"><bdi>35,00&nbsp;<span class=\"woocommerce-Price-currencySymbol\">&#122;&#322;<\/span><\/bdi><\/span>\n        <\/div>\n        <div class=\"product-card__button\">\n\n          <a href=\"\/?add-to-cart=3117\" data-product_id=\"3117\" target=\"_self\" class=\"button primary add_to_cart_button ajax_add_to_cart\">\n            <span>\n              Dodaj do koszyka\n            <\/span>\n\n            <svg xmlns=\"http:\/\/www.w3.org\/2000\/svg\" width=\"24\" height=\"24\" viewbox=\"0 0 24 24\" fill=\"none\">\n\t<path d=\"M4 12H20M20 12L14.6667 7M20 12L14.6667 17\" stroke=\"currentColor\" stroke-width=\"1.5\" stroke-linecap=\"round\"\/>\n<\/svg>\n\n          <\/a>\n\n        <\/div>\n      <\/div>\n      <\/div>\n<\/div>\n\t\t\t\t\t\t\t\t\t\t\t\t\t\t\t\t\t                              \n\n<div class=\"product-card product-card-trustmate-container flex flex-col relative group min-w-[90vw] lg:min-w-0 lg:w-[calc(100%_\/_3_-_1.5rem)]\">\n\n      <div class=\"bg-secondary-200 rounded-t-20 relative\">\n              <div class=\"post-tags absolute z-10 top-14 left-16 flex flex-wrap gap-8\">\n\n                      \t\t\n\t\t\t\t\t\t\t\t<span class=\"tag pink\">Promocja<\/span>\n\t\t\t\n                    \t\t\n\t\t\t\t\t\t\t\t\t\t\t\t\t<span class=\"tag hidden\">nebulizator<\/span>\n\t\t\t\n        <\/div>\n            <div class=\"post-image rounded-t-20 overflow-hidden relative aspect-[6\/5]\">\n        <a class=\"stretched-link\" href=\"https:\/\/katarek.pl\/produkt\/katarek-inhalo\/\">\n          <span class=\"sr-only\">Katarek Inhalo<\/span>\n        <\/a>\n        <div class=\"transition-opacity   group-hover:opacity-0 \">\n          <img loading=\"lazy\" decoding=\"async\" width=\"768\" height=\"768\" src=\"https:\/\/katarek.pl\/wp-content\/uploads\/2025\/06\/Inhalo-1200x1200-v1.1-768x768.png\" class=\"h-full w-full object-cover aspect-[6\/5]\" alt=\"Katarek Inhalo - zestaw do nebulizacji z sol\u0105 fizjologiczna i hipertoniczna dla ca\u0142ej rodziny\" srcset=\"https:\/\/katarek.pl\/wp-content\/uploads\/2025\/06\/Inhalo-1200x1200-v1.1-768x768.png 768w, https:\/\/katarek.pl\/wp-content\/uploads\/2025\/06\/Inhalo-1200x1200-v1.1-450x450.png 450w, https:\/\/katarek.pl\/wp-content\/uploads\/2025\/06\/Inhalo-1200x1200-v1.1-1024x1024.png 1024w, https:\/\/katarek.pl\/wp-content\/uploads\/2025\/06\/Inhalo-1200x1200-v1.1-250x250.png 250w, https:\/\/katarek.pl\/wp-content\/uploads\/2025\/06\/Inhalo-1200x1200-v1.1-500x500.png 500w, https:\/\/katarek.pl\/wp-content\/uploads\/2025\/06\/Inhalo-1200x1200-v1.1-485x485.png 485w, https:\/\/katarek.pl\/wp-content\/uploads\/2025\/06\/Inhalo-1200x1200-v1.1-600x600.png 600w, https:\/\/katarek.pl\/wp-content\/uploads\/2025\/06\/Inhalo-1200x1200-v1.1-100x100.png 100w, https:\/\/katarek.pl\/wp-content\/uploads\/2025\/06\/Inhalo-1200x1200-v1.1.png 1200w\" sizes=\"(max-width: 768px) 100vw, 768px\" \/>\n\n        <\/div>\n\n                  <div class=\"absolute inset-0 opacity-0 transition-opacity group-hover:opacity-100\">\n            <img loading=\"lazy\" decoding=\"async\" width=\"768\" height=\"511\" src=\"https:\/\/katarek.pl\/wp-content\/uploads\/2025\/06\/DSC_6993-scaled-768x511.jpg\" class=\"h-full w-full object-cover aspect-[6\/5]\" alt=\"Zestaw do nebulizacji Katarek Inhalo\" srcset=\"https:\/\/katarek.pl\/wp-content\/uploads\/2025\/06\/DSC_6993-scaled-768x511.jpg 768w, https:\/\/katarek.pl\/wp-content\/uploads\/2025\/06\/DSC_6993-scaled-600x399.jpg 600w, https:\/\/katarek.pl\/wp-content\/uploads\/2025\/06\/DSC_6993-scaled-450x299.jpg 450w, https:\/\/katarek.pl\/wp-content\/uploads\/2025\/06\/DSC_6993-scaled-1024x681.jpg 1024w, https:\/\/katarek.pl\/wp-content\/uploads\/2025\/06\/DSC_6993-scaled-1536x1022.jpg 1536w, https:\/\/katarek.pl\/wp-content\/uploads\/2025\/06\/DSC_6993-scaled-2048x1362.jpg 2048w, https:\/\/katarek.pl\/wp-content\/uploads\/2025\/06\/DSC_6993-scaled-500x333.jpg 500w, https:\/\/katarek.pl\/wp-content\/uploads\/2025\/06\/DSC_6993-300x200.jpg 300w\" sizes=\"(max-width: 768px) 100vw, 768px\" \/>\n\n          <\/div>\n        \n      <\/div>\n    <\/div>\n\n    <div class=\"product-card__details bg-white p-12 lg:p-24 flex flex-col gap-20 rounded-b-20 h-full\" data-product-id=\"1173\">\n    <div class=\"inline-block self-start product-card-trustmate__rating\">\n      <a class=\"product-card__title !text-primary-700  inline link-underline h5 font-medium\" href=\"https:\/\/katarek.pl\/produkt\/katarek-inhalo\/\">\n        Katarek Inhalo\n      <\/a>\n    <\/div>\n\n          <div class=\"product-card__description line-clamp-3 text-md text-gray-500\"><p>zestaw do nebulizacji\u00a0 &#8211; cichy nebulizator kompresorowy w zestawie z solami fizjologicznymi i hipertonicznymi\u00a0<\/p><\/div>\n    \n          <div class=\"flex justify-between gap-14 flex-wrap mt-auto\">\n        <div class=\"product-price h4 font-semibold self-end text-pink-800\">\n          <span class=\"woocommerce-Price-amount amount\"><bdi>179,00&nbsp;<span class=\"woocommerce-Price-currencySymbol\">&#122;&#322;<\/span><\/bdi><\/span>\n        <\/div>\n        <div class=\"product-card__button\">\n\n          <a href=\"\/?add-to-cart=1173\" data-product_id=\"1173\" target=\"_self\" class=\"button primary add_to_cart_button ajax_add_to_cart\">\n            <span>\n              Dodaj do koszyka\n            <\/span>\n\n            <svg xmlns=\"http:\/\/www.w3.org\/2000\/svg\" width=\"24\" height=\"24\" viewbox=\"0 0 24 24\" fill=\"none\">\n\t<path d=\"M4 12H20M20 12L14.6667 7M20 12L14.6667 17\" stroke=\"currentColor\" stroke-width=\"1.5\" stroke-linecap=\"round\"\/>\n<\/svg>\n\n          <\/a>\n\n        <\/div>\n      <\/div>\n      <\/div>\n<\/div>\n\t\t\t\t\t\t\t\t\t\t\t\t\t\t\t\t\t\t\t\t\t<\/div>\n\t\t\t\t\t\t<div class=\"flex place-content-center\">\n\t\t\t\t\t\t\t\t\n\t\n\t\n\t\t\n\t\t\t<a href=\"https:\/\/katarek.pl\/kategoria-produktu\/nebulizatory\/\" target=\"_self\"  class=\"button outlined   \">\n\t\t\t\t<span>\n\t\t\t\t\tZobacz wi\u0119cej\n\t\t\t\t<\/span>\n\n\t\t\t\t\t\t\t\t\t<svg xmlns=\"http:\/\/www.w3.org\/2000\/svg\" width=\"24\" height=\"24\" viewbox=\"0 0 24 24\" fill=\"none\">\n\t<path d=\"M4 12H20M20 12L14.6667 7M20 12L14.6667 17\" stroke=\"currentColor\" stroke-width=\"1.5\" stroke-linecap=\"round\"\/>\n<\/svg>\n\n\t\t\t\t\n\t\t\t<\/a>\n\n\t\t\n\t\n\t\t\t\t\t\t<\/div>\n\t\t\t\t\t<\/div>\n\t\t\t\t\t\t\t\t\t<div data-content=\"category-21\" class=\"product-tabs__content \">\n\t\t\t\t\t\t<div class=\"overflow-x-auto flex flex-nowrap gap-32 py-spacer-48 mb-32 lg:mb-0\">\n\t\t\t\t\t\t\t\t\t\t\t\t\t\t\t\t\t\t\t\t\t\t\t\t        \n\n<div class=\"product-card product-card-trustmate-container flex flex-col relative group min-w-[90vw] lg:min-w-0 lg:w-[calc(100%_\/_3_-_1.5rem)]\">\n\n      <div class=\"bg-secondary-200 rounded-t-20 relative\">\n              <div class=\"post-tags absolute z-10 top-14 left-16 flex flex-wrap gap-8\">\n\n                    \t\t\n\t\t\t\t\t\t\t\t\t\t\t\t\t<span class=\"tag yellow\">Nowo\u015b\u0107<\/span>\n\t\t\t\n        <\/div>\n            <div class=\"post-image rounded-t-20 overflow-hidden relative aspect-[6\/5]\">\n        <a class=\"stretched-link\" href=\"https:\/\/katarek.pl\/produkt\/katarek-woda-morska-izotoniczna-30-ml\/\">\n          <span class=\"sr-only\">Katarek Woda Morska izotoniczna 30 ml<\/span>\n        <\/a>\n        <div class=\"transition-opacity \">\n          <img loading=\"lazy\" decoding=\"async\" width=\"768\" height=\"768\" src=\"https:\/\/katarek.pl\/wp-content\/uploads\/2026\/01\/Projekt-bez-nazwy-5-768x768.png\" class=\"h-full w-full object-cover aspect-[6\/5]\" alt=\"Katarek Woda Morska Izotoniczna 0,9 %, spray do nosa\" srcset=\"https:\/\/katarek.pl\/wp-content\/uploads\/2026\/01\/Projekt-bez-nazwy-5-768x768.png 768w, https:\/\/katarek.pl\/wp-content\/uploads\/2026\/01\/Projekt-bez-nazwy-5-450x450.png 450w, https:\/\/katarek.pl\/wp-content\/uploads\/2026\/01\/Projekt-bez-nazwy-5-250x250.png 250w, https:\/\/katarek.pl\/wp-content\/uploads\/2026\/01\/Projekt-bez-nazwy-5-500x500.png 500w, https:\/\/katarek.pl\/wp-content\/uploads\/2026\/01\/Projekt-bez-nazwy-5-485x485.png 485w, https:\/\/katarek.pl\/wp-content\/uploads\/2026\/01\/Projekt-bez-nazwy-5-600x600.png 600w, https:\/\/katarek.pl\/wp-content\/uploads\/2026\/01\/Projekt-bez-nazwy-5-100x100.png 100w, https:\/\/katarek.pl\/wp-content\/uploads\/2026\/01\/Projekt-bez-nazwy-5.png 900w\" sizes=\"(max-width: 768px) 100vw, 768px\" \/>\n\n        <\/div>\n\n        \n      <\/div>\n    <\/div>\n\n    <div class=\"product-card__details bg-white p-12 lg:p-24 flex flex-col gap-20 rounded-b-20 h-full\" data-product-id=\"4143\">\n    <div class=\"inline-block self-start product-card-trustmate__rating\">\n      <a class=\"product-card__title !text-primary-700  inline link-underline h5 font-medium\" href=\"https:\/\/katarek.pl\/produkt\/katarek-woda-morska-izotoniczna-30-ml\/\">\n        Katarek Woda Morska izotoniczna 30 ml\n      <\/a>\n    <\/div>\n\n          <div class=\"product-card__description line-clamp-3 text-md text-gray-500\"><p>naturalna ulga dla nosa. Bez konserwant\u00f3w, bez kompromis\u00f3w<\/p><\/div>\n    \n          <div class=\"flex justify-between gap-14 flex-wrap mt-auto\">\n        <div class=\"product-price h4 font-semibold self-end text-primary-600\">\n          <span class=\"woocommerce-Price-amount amount\"><bdi>15,90&nbsp;<span class=\"woocommerce-Price-currencySymbol\">&#122;&#322;<\/span><\/bdi><\/span>\n        <\/div>\n        <div class=\"product-card__button\">\n\n          <a href=\"\/?add-to-cart=4143\" data-product_id=\"4143\" target=\"_self\" class=\"button primary add_to_cart_button ajax_add_to_cart\">\n            <span>\n              Dodaj do koszyka\n            <\/span>\n\n            <svg xmlns=\"http:\/\/www.w3.org\/2000\/svg\" width=\"24\" height=\"24\" viewbox=\"0 0 24 24\" fill=\"none\">\n\t<path d=\"M4 12H20M20 12L14.6667 7M20 12L14.6667 17\" stroke=\"currentColor\" stroke-width=\"1.5\" stroke-linecap=\"round\"\/>\n<\/svg>\n\n          <\/a>\n\n        <\/div>\n      <\/div>\n      <\/div>\n<\/div>\n\t\t\t\t\t\t\t\t\t\t\t\t\t\t\t\t\t                              \n\n<div class=\"product-card product-card-trustmate-container flex flex-col relative group min-w-[90vw] lg:min-w-0 lg:w-[calc(100%_\/_3_-_1.5rem)]\">\n\n      <div class=\"bg-secondary-200 rounded-t-20 relative\">\n              <div class=\"post-tags absolute z-10 top-14 left-16 flex flex-wrap gap-8\">\n\n                      \t\t\n\t\t\t\t\t\t\t\t<span class=\"tag pink\">Promocja<\/span>\n\t\t\t\n                            <\/div>\n            <div class=\"post-image rounded-t-20 overflow-hidden relative aspect-[6\/5]\">\n        <a class=\"stretched-link\" href=\"https:\/\/katarek.pl\/produkt\/katarek-fizjologiczny-roztwor-soli\/\">\n          <span class=\"sr-only\">Katarek s\u00f3l fizjologiczna 0,9%<\/span>\n        <\/a>\n        <div class=\"transition-opacity   group-hover:opacity-0 \">\n          <img loading=\"lazy\" decoding=\"async\" width=\"768\" height=\"768\" src=\"https:\/\/katarek.pl\/wp-content\/uploads\/2025\/07\/Projekt-bez-nazwy-45-768x768.png\" class=\"h-full w-full object-cover aspect-[6\/5]\" alt=\"Katarek roztw\u00f3r fizjologiczny soli 0,9%\" srcset=\"https:\/\/katarek.pl\/wp-content\/uploads\/2025\/07\/Projekt-bez-nazwy-45-768x768.png 768w, https:\/\/katarek.pl\/wp-content\/uploads\/2025\/07\/Projekt-bez-nazwy-45-485x485.png 485w, https:\/\/katarek.pl\/wp-content\/uploads\/2025\/07\/Projekt-bez-nazwy-45-100x100.png 100w, https:\/\/katarek.pl\/wp-content\/uploads\/2025\/07\/Projekt-bez-nazwy-45-600x600.png 600w, https:\/\/katarek.pl\/wp-content\/uploads\/2025\/07\/Projekt-bez-nazwy-45-450x450.png 450w, https:\/\/katarek.pl\/wp-content\/uploads\/2025\/07\/Projekt-bez-nazwy-45-250x250.png 250w, https:\/\/katarek.pl\/wp-content\/uploads\/2025\/07\/Projekt-bez-nazwy-45-500x500.png 500w, https:\/\/katarek.pl\/wp-content\/uploads\/2025\/07\/Projekt-bez-nazwy-45.png 1000w\" sizes=\"(max-width: 768px) 100vw, 768px\" \/>\n\n        <\/div>\n\n                  <div class=\"absolute inset-0 opacity-0 transition-opacity group-hover:opacity-100\">\n            <img loading=\"lazy\" decoding=\"async\" width=\"600\" height=\"600\" src=\"https:\/\/katarek.pl\/wp-content\/uploads\/2025\/07\/3.png\" class=\"h-full w-full object-cover aspect-[6\/5]\" alt=\"Katarek roztw\u00f3r fizjologiczny soli 0,9%\" srcset=\"https:\/\/katarek.pl\/wp-content\/uploads\/2025\/07\/3.png 600w, https:\/\/katarek.pl\/wp-content\/uploads\/2025\/07\/3-485x485.png 485w, https:\/\/katarek.pl\/wp-content\/uploads\/2025\/07\/3-100x100.png 100w, https:\/\/katarek.pl\/wp-content\/uploads\/2025\/07\/3-300x300.png 300w, https:\/\/katarek.pl\/wp-content\/uploads\/2025\/07\/3-150x150.png 150w, https:\/\/katarek.pl\/wp-content\/uploads\/2025\/07\/3-500x500.png 500w, https:\/\/katarek.pl\/wp-content\/uploads\/2025\/07\/3-450x450.png 450w\" sizes=\"(max-width: 600px) 100vw, 600px\" \/>\n\n          <\/div>\n        \n      <\/div>\n    <\/div>\n\n    <div class=\"product-card__details bg-white p-12 lg:p-24 flex flex-col gap-20 rounded-b-20 h-full\" data-product-id=\"3148\">\n    <div class=\"inline-block self-start product-card-trustmate__rating\">\n      <a class=\"product-card__title !text-primary-700  inline link-underline h5 font-medium\" href=\"https:\/\/katarek.pl\/produkt\/katarek-fizjologiczny-roztwor-soli\/\">\n        Katarek s\u00f3l fizjologiczna 0,9%\n      <\/a>\n    <\/div>\n\n          <div class=\"product-card__description line-clamp-3 text-md text-gray-500\"><p>do nebulizacji i piel\u0119gnacji noska, oka, ucha, przemywania ran\u00a0<\/p><\/div>\n    \n          <div class=\"flex justify-between gap-14 flex-wrap mt-auto\">\n        <div class=\"product-price h4 font-semibold self-end text-pink-800\">\n          <span class=\"woocommerce-Price-amount amount\"><bdi>10,50&nbsp;<span class=\"woocommerce-Price-currencySymbol\">&#122;&#322;<\/span><\/bdi><\/span>\n        <\/div>\n        <div class=\"product-card__button\">\n\n          <a href=\"\/?add-to-cart=3148\" data-product_id=\"3148\" target=\"_self\" class=\"button primary add_to_cart_button ajax_add_to_cart\">\n            <span>\n              Dodaj do koszyka\n            <\/span>\n\n            <svg xmlns=\"http:\/\/www.w3.org\/2000\/svg\" width=\"24\" height=\"24\" viewbox=\"0 0 24 24\" fill=\"none\">\n\t<path d=\"M4 12H20M20 12L14.6667 7M20 12L14.6667 17\" stroke=\"currentColor\" stroke-width=\"1.5\" stroke-linecap=\"round\"\/>\n<\/svg>\n\n          <\/a>\n\n        <\/div>\n      <\/div>\n      <\/div>\n<\/div>\n\t\t\t\t\t\t\t\t\t\t\t\t\t\t\t\t\t                              \n\n<div class=\"product-card product-card-trustmate-container flex flex-col relative group min-w-[90vw] lg:min-w-0 lg:w-[calc(100%_\/_3_-_1.5rem)]\">\n\n      <div class=\"bg-secondary-200 rounded-t-20 relative\">\n              <div class=\"post-tags absolute z-10 top-14 left-16 flex flex-wrap gap-8\">\n\n                      \t\t\n\t\t\t\t\t\t\t\t<span class=\"tag pink\">Promocja<\/span>\n\t\t\t\n                            <\/div>\n            <div class=\"post-image rounded-t-20 overflow-hidden relative aspect-[6\/5]\">\n        <a class=\"stretched-link\" href=\"https:\/\/katarek.pl\/produkt\/sol-hipertoniczna\/\">\n          <span class=\"sr-only\">Katarek s\u00f3l hipertoniczna 3%<\/span>\n        <\/a>\n        <div class=\"transition-opacity \">\n          <img loading=\"lazy\" decoding=\"async\" width=\"768\" height=\"768\" src=\"https:\/\/katarek.pl\/wp-content\/uploads\/2025\/07\/Projekt-bez-nazwy-46-768x768.png\" class=\"h-full w-full object-cover aspect-[6\/5]\" alt=\"Katarek s\u00f3l hipertoniczna 3% do nebulizacji dla dzieci - roztw\u00f3r w ampu\u0142kach\" srcset=\"https:\/\/katarek.pl\/wp-content\/uploads\/2025\/07\/Projekt-bez-nazwy-46-768x768.png 768w, https:\/\/katarek.pl\/wp-content\/uploads\/2025\/07\/Projekt-bez-nazwy-46-485x485.png 485w, https:\/\/katarek.pl\/wp-content\/uploads\/2025\/07\/Projekt-bez-nazwy-46-100x100.png 100w, https:\/\/katarek.pl\/wp-content\/uploads\/2025\/07\/Projekt-bez-nazwy-46-600x600.png 600w, https:\/\/katarek.pl\/wp-content\/uploads\/2025\/07\/Projekt-bez-nazwy-46-450x450.png 450w, https:\/\/katarek.pl\/wp-content\/uploads\/2025\/07\/Projekt-bez-nazwy-46-250x250.png 250w, https:\/\/katarek.pl\/wp-content\/uploads\/2025\/07\/Projekt-bez-nazwy-46-500x500.png 500w, https:\/\/katarek.pl\/wp-content\/uploads\/2025\/07\/Projekt-bez-nazwy-46.png 1000w\" sizes=\"(max-width: 768px) 100vw, 768px\" \/>\n\n        <\/div>\n\n        \n      <\/div>\n    <\/div>\n\n    <div class=\"product-card__details bg-white p-12 lg:p-24 flex flex-col gap-20 rounded-b-20 h-full\" data-product-id=\"3044\">\n    <div class=\"inline-block self-start product-card-trustmate__rating\">\n      <a class=\"product-card__title !text-primary-700  inline link-underline h5 font-medium\" href=\"https:\/\/katarek.pl\/produkt\/sol-hipertoniczna\/\">\n        Katarek s\u00f3l hipertoniczna 3%\n      <\/a>\n    <\/div>\n\n          <div class=\"product-card__description line-clamp-3 text-md text-gray-500\"><p>naturalna pomoc w oczyszczaniu dr\u00f3g oddechowych. Idealna do nebulizacji \u2013 zar\u00f3wno dla dzieci i doros\u0142ych &#8211; najlepiej po konsultacji z lekarzem<\/p><\/div>\n    \n          <div class=\"flex justify-between gap-14 flex-wrap mt-auto\">\n        <div class=\"product-price h4 font-semibold self-end text-pink-800\">\n          <span class=\"woocommerce-Price-amount amount\"><bdi>21,00&nbsp;<span class=\"woocommerce-Price-currencySymbol\">&#122;&#322;<\/span><\/bdi><\/span>\n        <\/div>\n        <div class=\"product-card__button\">\n\n          <a href=\"\/?add-to-cart=3044\" data-product_id=\"3044\" target=\"_self\" class=\"button primary add_to_cart_button ajax_add_to_cart\">\n            <span>\n              Dodaj do koszyka\n            <\/span>\n\n            <svg xmlns=\"http:\/\/www.w3.org\/2000\/svg\" width=\"24\" height=\"24\" viewbox=\"0 0 24 24\" fill=\"none\">\n\t<path d=\"M4 12H20M20 12L14.6667 7M20 12L14.6667 17\" stroke=\"currentColor\" stroke-width=\"1.5\" stroke-linecap=\"round\"\/>\n<\/svg>\n\n          <\/a>\n\n        <\/div>\n      <\/div>\n      <\/div>\n<\/div>\n\t\t\t\t\t\t\t\t\t\t\t\t\t\t\t\t\t\t\t\t\t<\/div>\n\t\t\t\t\t\t<div class=\"flex place-content-center\">\n\t\t\t\t\t\t\t\t\n\t\n\t\n\t\t\n\t\t\t<a href=\"https:\/\/katarek.pl\/kategoria-produktu\/sole\/\" target=\"_self\"  class=\"button outlined   \">\n\t\t\t\t<span>\n\t\t\t\t\tZobacz wi\u0119cej\n\t\t\t\t<\/span>\n\n\t\t\t\t\t\t\t\t\t<svg xmlns=\"http:\/\/www.w3.org\/2000\/svg\" width=\"24\" height=\"24\" viewbox=\"0 0 24 24\" fill=\"none\">\n\t<path d=\"M4 12H20M20 12L14.6667 7M20 12L14.6667 17\" stroke=\"currentColor\" stroke-width=\"1.5\" stroke-linecap=\"round\"\/>\n<\/svg>\n\n\t\t\t\t\n\t\t\t<\/a>\n\n\t\t\n\t\n\t\t\t\t\t\t<\/div>\n\t\t\t\t\t<\/div>\n\t\t\t\t\t\t\t<\/div>\n\t\t\t<\/div>\n\n\n<\/section>\n","protected":false},"excerpt":"Zatkany nos, trudno\u015bci z oddychaniem. Sytuacja wyj\u0105tkowo m\u0119cz\u0105ca, a przecie\u017c to tylko katar. Ka\u017cda mama w takim momencie my\u015bli nie tylko o sobie, ale i o swoim maluszku.","author":7,"featured_media":2917,"comment_status":"open","ping_status":"open","sticky":false,"template":"","format":"standard","meta":{"_acf_changed":false,"inline_featured_image":false,"editor_plus_copied_stylings":"{}","footnotes":""},"categories":[31],"tags":[],"class_list":["post-1251","post","type-post","status-publish","format-standard","has-post-thumbnail","hentry","category-mama"],"yoast_head":"<!-- This site is optimized with the Yoast SEO plugin v27.4 - https:\/\/yoast.com\/product\/yoast-seo-wordpress\/ -->\n<title>Jak nie zarazi\u0107 dziecka katarem? Sprawdzone sposoby - Blog katarek.pl<\/title>\n<meta name=\"description\" content=\"Czy katarem mo\u017cna zarazi\u0107 dziecko? Jak tego unikn\u0105\u0107 przy przezi\u0119bieniu rodzica? Dowiedz si\u0119, jak nie zarazi\u0107 niemowlaka. Wskaz\u00f3wki na blogu katarek.pl!\" \/>\n<meta name=\"robots\" content=\"index, follow, max-snippet:-1, max-image-preview:large, max-video-preview:-1\" \/>\n<link rel=\"canonical\" href=\"https:\/\/katarek.pl\/czy-katarem-mozna-zarazic-dziecko\/\" \/>\n<meta property=\"og:locale\" content=\"pl_PL\" \/>\n<meta property=\"og:type\" content=\"article\" \/>\n<meta property=\"og:title\" content=\"Jak nie zarazi\u0107 dziecka katarem? Sprawdzone sposoby - Blog katarek.pl\" \/>\n<meta property=\"og:description\" content=\"Czy katarem mo\u017cna zarazi\u0107 dziecko? Jak tego unikn\u0105\u0107 przy przezi\u0119bieniu rodzica? Dowiedz si\u0119, jak nie zarazi\u0107 niemowlaka. Wskaz\u00f3wki na blogu katarek.pl!\" \/>\n<meta property=\"og:url\" content=\"https:\/\/katarek.pl\/czy-katarem-mozna-zarazic-dziecko\/\" \/>\n<meta property=\"og:site_name\" content=\"katarek.pl\" \/>\n<meta property=\"article:published_time\" content=\"2015-12-07T15:18:23+00:00\" \/>\n<meta property=\"article:modified_time\" content=\"2026-01-29T14:33:06+00:00\" \/>\n<meta property=\"og:image\" content=\"https:\/\/katarek.pl\/wp-content\/uploads\/2015\/12\/katar-u-mamy.jpg\" \/>\n\t<meta property=\"og:image:width\" content=\"2225\" \/>\n\t<meta property=\"og:image:height\" content=\"1663\" \/>\n\t<meta property=\"og:image:type\" content=\"image\/jpeg\" \/>\n<meta name=\"author\" content=\"katarek\" \/>\n<meta name=\"twitter:card\" content=\"summary_large_image\" \/>\n<meta name=\"twitter:label1\" content=\"Napisane przez\" \/>\n\t<meta name=\"twitter:data1\" content=\"katarek\" \/>\n\t<meta name=\"twitter:label2\" content=\"Szacowany czas czytania\" \/>\n\t<meta name=\"twitter:data2\" content=\"4 minuty\" \/>\n<script type=\"application\/ld+json\" class=\"yoast-schema-graph\">{\"@context\":\"https:\\\/\\\/schema.org\",\"@graph\":[{\"@type\":\"Article\",\"@id\":\"https:\\\/\\\/katarek.pl\\\/czy-katarem-mozna-zarazic-dziecko\\\/#article\",\"isPartOf\":{\"@id\":\"https:\\\/\\\/katarek.pl\\\/czy-katarem-mozna-zarazic-dziecko\\\/\"},\"author\":{\"name\":\"katarek\",\"@id\":\"https:\\\/\\\/katarek.pl\\\/#\\\/schema\\\/person\\\/c7267555b2aaad4c6d15146a155bc430\"},\"headline\":\"Mama ma katar. Czy mog\u0119 zarazi\u0107 swoje ma\u0142e dziecko?\",\"datePublished\":\"2015-12-07T15:18:23+00:00\",\"dateModified\":\"2026-01-29T14:33:06+00:00\",\"mainEntityOfPage\":{\"@id\":\"https:\\\/\\\/katarek.pl\\\/czy-katarem-mozna-zarazic-dziecko\\\/\"},\"wordCount\":699,\"commentCount\":0,\"image\":{\"@id\":\"https:\\\/\\\/katarek.pl\\\/czy-katarem-mozna-zarazic-dziecko\\\/#primaryimage\"},\"thumbnailUrl\":\"https:\\\/\\\/katarek.pl\\\/wp-content\\\/uploads\\\/2015\\\/12\\\/katar-u-mamy.jpg\",\"articleSection\":[\"Mama\"],\"inLanguage\":\"pl-PL\"},{\"@type\":\"WebPage\",\"@id\":\"https:\\\/\\\/katarek.pl\\\/czy-katarem-mozna-zarazic-dziecko\\\/\",\"url\":\"https:\\\/\\\/katarek.pl\\\/czy-katarem-mozna-zarazic-dziecko\\\/\",\"name\":\"Jak nie zarazi\u0107 dziecka katarem? Sprawdzone sposoby - Blog katarek.pl\",\"isPartOf\":{\"@id\":\"https:\\\/\\\/katarek.pl\\\/#website\"},\"primaryImageOfPage\":{\"@id\":\"https:\\\/\\\/katarek.pl\\\/czy-katarem-mozna-zarazic-dziecko\\\/#primaryimage\"},\"image\":{\"@id\":\"https:\\\/\\\/katarek.pl\\\/czy-katarem-mozna-zarazic-dziecko\\\/#primaryimage\"},\"thumbnailUrl\":\"https:\\\/\\\/katarek.pl\\\/wp-content\\\/uploads\\\/2015\\\/12\\\/katar-u-mamy.jpg\",\"datePublished\":\"2015-12-07T15:18:23+00:00\",\"dateModified\":\"2026-01-29T14:33:06+00:00\",\"author\":{\"@id\":\"https:\\\/\\\/katarek.pl\\\/#\\\/schema\\\/person\\\/c7267555b2aaad4c6d15146a155bc430\"},\"description\":\"Czy katarem mo\u017cna zarazi\u0107 dziecko? Jak tego unikn\u0105\u0107 przy przezi\u0119bieniu rodzica? Dowiedz si\u0119, jak nie zarazi\u0107 niemowlaka. Wskaz\u00f3wki na blogu katarek.pl!\",\"breadcrumb\":{\"@id\":\"https:\\\/\\\/katarek.pl\\\/czy-katarem-mozna-zarazic-dziecko\\\/#breadcrumb\"},\"inLanguage\":\"pl-PL\",\"potentialAction\":[{\"@type\":\"ReadAction\",\"target\":[\"https:\\\/\\\/katarek.pl\\\/czy-katarem-mozna-zarazic-dziecko\\\/\"]}]},{\"@type\":\"ImageObject\",\"inLanguage\":\"pl-PL\",\"@id\":\"https:\\\/\\\/katarek.pl\\\/czy-katarem-mozna-zarazic-dziecko\\\/#primaryimage\",\"url\":\"https:\\\/\\\/katarek.pl\\\/wp-content\\\/uploads\\\/2015\\\/12\\\/katar-u-mamy.jpg\",\"contentUrl\":\"https:\\\/\\\/katarek.pl\\\/wp-content\\\/uploads\\\/2015\\\/12\\\/katar-u-mamy.jpg\",\"width\":2225,\"height\":1663,\"caption\":\"Young woman laying on sofa and blowing nose\"},{\"@type\":\"BreadcrumbList\",\"@id\":\"https:\\\/\\\/katarek.pl\\\/czy-katarem-mozna-zarazic-dziecko\\\/#breadcrumb\",\"itemListElement\":[{\"@type\":\"ListItem\",\"position\":1,\"name\":\"Home\",\"item\":\"https:\\\/\\\/katarek.pl\\\/\"},{\"@type\":\"ListItem\",\"position\":2,\"name\":\"Blog\",\"item\":\"https:\\\/\\\/katarek.pl\\\/blog\\\/\"},{\"@type\":\"ListItem\",\"position\":3,\"name\":\"Mama ma katar. Czy mog\u0119 zarazi\u0107 swoje ma\u0142e dziecko?\"}]},{\"@type\":\"WebSite\",\"@id\":\"https:\\\/\\\/katarek.pl\\\/#website\",\"url\":\"https:\\\/\\\/katarek.pl\\\/\",\"name\":\"katarek.pl\",\"description\":\"\",\"potentialAction\":[{\"@type\":\"SearchAction\",\"target\":{\"@type\":\"EntryPoint\",\"urlTemplate\":\"https:\\\/\\\/katarek.pl\\\/?s={search_term_string}\"},\"query-input\":{\"@type\":\"PropertyValueSpecification\",\"valueRequired\":true,\"valueName\":\"search_term_string\"}}],\"inLanguage\":\"pl-PL\"},{\"@type\":\"Person\",\"@id\":\"https:\\\/\\\/katarek.pl\\\/#\\\/schema\\\/person\\\/c7267555b2aaad4c6d15146a155bc430\",\"name\":\"katarek\",\"url\":\"https:\\\/\\\/katarek.pl\\\/author\\\/katarek\\\/\"}]}<\/script>\n<!-- \/ Yoast SEO plugin. -->","yoast_head_json":{"title":"Jak nie zarazi\u0107 dziecka katarem? Sprawdzone sposoby - Blog katarek.pl","description":"Czy katarem mo\u017cna zarazi\u0107 dziecko? Jak tego unikn\u0105\u0107 przy przezi\u0119bieniu rodzica? Dowiedz si\u0119, jak nie zarazi\u0107 niemowlaka. Wskaz\u00f3wki na blogu katarek.pl!","robots":{"index":"index","follow":"follow","max-snippet":"max-snippet:-1","max-image-preview":"max-image-preview:large","max-video-preview":"max-video-preview:-1"},"canonical":"https:\/\/katarek.pl\/czy-katarem-mozna-zarazic-dziecko\/","og_locale":"pl_PL","og_type":"article","og_title":"Jak nie zarazi\u0107 dziecka katarem? Sprawdzone sposoby - Blog katarek.pl","og_description":"Czy katarem mo\u017cna zarazi\u0107 dziecko? Jak tego unikn\u0105\u0107 przy przezi\u0119bieniu rodzica? Dowiedz si\u0119, jak nie zarazi\u0107 niemowlaka. Wskaz\u00f3wki na blogu katarek.pl!","og_url":"https:\/\/katarek.pl\/czy-katarem-mozna-zarazic-dziecko\/","og_site_name":"katarek.pl","article_published_time":"2015-12-07T15:18:23+00:00","article_modified_time":"2026-01-29T14:33:06+00:00","og_image":[{"width":2225,"height":1663,"url":"https:\/\/katarek.pl\/wp-content\/uploads\/2015\/12\/katar-u-mamy.jpg","type":"image\/jpeg"}],"author":"katarek","twitter_card":"summary_large_image","twitter_misc":{"Napisane przez":"katarek","Szacowany czas czytania":"4 minuty"},"schema":{"@context":"https:\/\/schema.org","@graph":[{"@type":"Article","@id":"https:\/\/katarek.pl\/czy-katarem-mozna-zarazic-dziecko\/#article","isPartOf":{"@id":"https:\/\/katarek.pl\/czy-katarem-mozna-zarazic-dziecko\/"},"author":{"name":"katarek","@id":"https:\/\/katarek.pl\/#\/schema\/person\/c7267555b2aaad4c6d15146a155bc430"},"headline":"Mama ma katar. Czy mog\u0119 zarazi\u0107 swoje ma\u0142e dziecko?","datePublished":"2015-12-07T15:18:23+00:00","dateModified":"2026-01-29T14:33:06+00:00","mainEntityOfPage":{"@id":"https:\/\/katarek.pl\/czy-katarem-mozna-zarazic-dziecko\/"},"wordCount":699,"commentCount":0,"image":{"@id":"https:\/\/katarek.pl\/czy-katarem-mozna-zarazic-dziecko\/#primaryimage"},"thumbnailUrl":"https:\/\/katarek.pl\/wp-content\/uploads\/2015\/12\/katar-u-mamy.jpg","articleSection":["Mama"],"inLanguage":"pl-PL"},{"@type":"WebPage","@id":"https:\/\/katarek.pl\/czy-katarem-mozna-zarazic-dziecko\/","url":"https:\/\/katarek.pl\/czy-katarem-mozna-zarazic-dziecko\/","name":"Jak nie zarazi\u0107 dziecka katarem? Sprawdzone sposoby - Blog katarek.pl","isPartOf":{"@id":"https:\/\/katarek.pl\/#website"},"primaryImageOfPage":{"@id":"https:\/\/katarek.pl\/czy-katarem-mozna-zarazic-dziecko\/#primaryimage"},"image":{"@id":"https:\/\/katarek.pl\/czy-katarem-mozna-zarazic-dziecko\/#primaryimage"},"thumbnailUrl":"https:\/\/katarek.pl\/wp-content\/uploads\/2015\/12\/katar-u-mamy.jpg","datePublished":"2015-12-07T15:18:23+00:00","dateModified":"2026-01-29T14:33:06+00:00","author":{"@id":"https:\/\/katarek.pl\/#\/schema\/person\/c7267555b2aaad4c6d15146a155bc430"},"description":"Czy katarem mo\u017cna zarazi\u0107 dziecko? Jak tego unikn\u0105\u0107 przy przezi\u0119bieniu rodzica? Dowiedz si\u0119, jak nie zarazi\u0107 niemowlaka. Wskaz\u00f3wki na blogu katarek.pl!","breadcrumb":{"@id":"https:\/\/katarek.pl\/czy-katarem-mozna-zarazic-dziecko\/#breadcrumb"},"inLanguage":"pl-PL","potentialAction":[{"@type":"ReadAction","target":["https:\/\/katarek.pl\/czy-katarem-mozna-zarazic-dziecko\/"]}]},{"@type":"ImageObject","inLanguage":"pl-PL","@id":"https:\/\/katarek.pl\/czy-katarem-mozna-zarazic-dziecko\/#primaryimage","url":"https:\/\/katarek.pl\/wp-content\/uploads\/2015\/12\/katar-u-mamy.jpg","contentUrl":"https:\/\/katarek.pl\/wp-content\/uploads\/2015\/12\/katar-u-mamy.jpg","width":2225,"height":1663,"caption":"Young woman laying on sofa and blowing nose"},{"@type":"BreadcrumbList","@id":"https:\/\/katarek.pl\/czy-katarem-mozna-zarazic-dziecko\/#breadcrumb","itemListElement":[{"@type":"ListItem","position":1,"name":"Home","item":"https:\/\/katarek.pl\/"},{"@type":"ListItem","position":2,"name":"Blog","item":"https:\/\/katarek.pl\/blog\/"},{"@type":"ListItem","position":3,"name":"Mama ma katar. Czy mog\u0119 zarazi\u0107 swoje ma\u0142e dziecko?"}]},{"@type":"WebSite","@id":"https:\/\/katarek.pl\/#website","url":"https:\/\/katarek.pl\/","name":"katarek.pl","description":"","potentialAction":[{"@type":"SearchAction","target":{"@type":"EntryPoint","urlTemplate":"https:\/\/katarek.pl\/?s={search_term_string}"},"query-input":{"@type":"PropertyValueSpecification","valueRequired":true,"valueName":"search_term_string"}}],"inLanguage":"pl-PL"},{"@type":"Person","@id":"https:\/\/katarek.pl\/#\/schema\/person\/c7267555b2aaad4c6d15146a155bc430","name":"katarek","url":"https:\/\/katarek.pl\/author\/katarek\/"}]}},"acf":[],"gutenberg_blocks":[{"blockName":"custom-styles","attrs":{"styles":""}},{"blockName":"acf\/productlistswithnavigation","attrs":{"name":"acf\/productlistswithnavigation","data":{"title_heading_label":"","_title_heading_label":"field_680f5de7d3992","title_heading_text":"","_title_heading_text":"field_638627ccced84","title_heading_level":"h2","_title_heading_level":"field_638627e7ced85","title_heading_variant":"default","_title_heading_variant":"field_63862847ced86","title_extra_classes":"","_title_extra_classes":"field_638628eeced88","title":"","_title":"field_67f635c24ab4f","type_section":"manual","_type_section":"field_67f6367c80390","relationship":["16","19","21"],"_relationship":"field_67f636438038f"},"mode":"edit"},"innerBlocks":[],"innerHTML":"","innerContent":[]}],"meta_data":false,"featured_image":{"url":"https:\/\/katarek.pl\/wp-content\/uploads\/2015\/12\/katar-u-mamy-1024x765.jpg"},"main_category":{"name":"Mama"},"prev_page":{"slug":"moja-mama-miala-jednak-we-wszystkim-racje"},"next_page":{"slug":"jak-nauczyc-dziecko-zyc-tabu-w-bajkach-dla-dzieci"},"_links":{"self":[{"href":"https:\/\/katarek.pl\/index.php\/wp-json\/wp\/v2\/posts\/1251","targetHints":{"allow":["GET"]}}],"collection":[{"href":"https:\/\/katarek.pl\/index.php\/wp-json\/wp\/v2\/posts"}],"about":[{"href":"https:\/\/katarek.pl\/index.php\/wp-json\/wp\/v2\/types\/post"}],"author":[{"embeddable":true,"href":"https:\/\/katarek.pl\/index.php\/wp-json\/wp\/v2\/users\/7"}],"replies":[{"embeddable":true,"href":"https:\/\/katarek.pl\/index.php\/wp-json\/wp\/v2\/comments?post=1251"}],"version-history":[{"count":1,"href":"https:\/\/katarek.pl\/index.php\/wp-json\/wp\/v2\/posts\/1251\/revisions"}],"predecessor-version":[{"id":4895,"href":"https:\/\/katarek.pl\/index.php\/wp-json\/wp\/v2\/posts\/1251\/revisions\/4895"}],"wp:featuredmedia":[{"embeddable":true,"href":"https:\/\/katarek.pl\/index.php\/wp-json\/wp\/v2\/media\/2917"}],"wp:attachment":[{"href":"https:\/\/katarek.pl\/index.php\/wp-json\/wp\/v2\/media?parent=1251"}],"wp:term":[{"taxonomy":"category","embeddable":true,"href":"https:\/\/katarek.pl\/index.php\/wp-json\/wp\/v2\/categories?post=1251"},{"taxonomy":"post_tag","embeddable":true,"href":"https:\/\/katarek.pl\/index.php\/wp-json\/wp\/v2\/tags?post=1251"}],"curies":[{"name":"wp","href":"https:\/\/api.w.org\/{rel}","templated":true}]}}