{"id":1250,"date":"2015-11-03T14:20:15","date_gmt":"2015-11-03T14:20:15","guid":{"rendered":"https:\/\/katarek.pl\/blog\/?p=28"},"modified":"2015-11-03T14:20:15","modified_gmt":"2015-11-03T14:20:15","slug":"o-zaletach-i-wadach-co-sleepingu-czyli-spac-czy-nie-spac-z-dzieckiem","status":"publish","type":"post","link":"https:\/\/katarek.pl\/o-zaletach-i-wadach-co-sleepingu-czyli-spac-czy-nie-spac-z-dzieckiem\/","title":{"rendered":"O zaletach i wadach co-sleepingu. Spa\u0107 czy nie spa\u0107 z dzieckiem?"},"content":{"rendered":"<p><strong>Kiedy rodzi si\u0119 ma\u0142y cz\u0142owieczek pragniemy sp\u0119dza\u0107 z nim ka\u017cd\u0105 chwil\u0119, czy to w dzie\u0144, czy w nocy. Nie ma nic pi\u0119kniejszego, ni\u017c widok u\u015bmiechni\u0119tej ma\u0142ej bu\u017aki o poranku. Ani te\u017c wspanialszego uczucia, jakim jest niespodziewany buziak przy pobudce, \u017caden zapach nie zr\u00f3wna si\u0119 z tym, kt\u00f3rym pachnie ma\u0142y bobas. Chcemy go mie\u0107 przy sobie non stop: utula\u0107 do snu, budzi\u0107 poca\u0142unkami, a tak\u017ce z nim spa\u0107. Ale czy to dobrze?<\/strong><\/p>\n<p><!--more--><\/p>\n<p><strong>Podj\u0119cie decyzji dotycz\u0105cych wsp\u00f3lnego spania z dzieckiem, to bardzo osobista sprawa, na kt\u00f3r\u0105 wp\u0142yw ma wiele czynnik\u00f3w, czy to zdrowotnych czy ideologicznych.<\/strong> Wydawa\u0142o by si\u0119, \u017ce to taka prosta sprawa, \u015bpi\u0119 lub nie \u015bpi\u0119, a jednak! Jedni m\u00f3wi\u0105 stanowcze NIE! Inni m\u00f3wi\u0105, \u015bpij to takie przyjemne uczucie.<\/p>\n<h2>Spanie z dzieckiem czy osobno?<\/h2>\n<p>Droga Mamo, przysz\u0142a Mamo! Je\u017celi jeszcze stoisz przed tym wyborem, nie wiesz, co b\u0119dzie lepsze dla Ciebie i Twojej rodziny, oto pomocna d\u0142o\u0144:<strong> rozwa\u017cone czynniki, kt\u00f3re mog\u0105 wp\u0142yn\u0105\u0107 na wyb\u00f3r metody spania z dzieckiem, obalone i potwierdzone fakty i mity oraz lista pozytyw\u00f3w, p\u0142yn\u0105ca z tej formy wi\u0119zi<\/strong>.<em> Gotowa?<\/em><\/p>\n<p>Zanim podejmiesz decyzj\u0119, czy zostawi\u0107 maluszka w pokoju, czy przenie\u015b\u0107 go do innego, pami\u0119taj, \u017ce pediatrzy zalecaj\u0105, by do 6 miesi\u0105ca \u017cycia mie\u0107 go blisko siebie. W dzie\u0144, ale przede wszystkim w nocy, gdy \u015bpi. Cho\u0107 zabrzmi to niemi\u0142o, to nigdy nie wiesz, kiedy b\u0119dzie Ci\u0119 potrzebowa\u0142, ale te\u017c musisz mie\u0107 go na oku, \u017ceby unikn\u0105\u0107 potencjalnego uduszenia. Po tym czasie mo\u017cesz zacz\u0105\u0107 my\u015ble\u0107.. co zrobi\u0107, \u017ceby\u00a0 w ko\u0144cu dobrze si\u0119 wyspa\u0107. Najwa\u017cniejsze!<\/p>\n<p><strong>Tak\u0105 decyzj\u0119 podejmij wraz ze swoim partnerem.<\/strong> Porozmawiajcie, wypiszcie wszystkie za i przeciw, nie stawiaj go przed dokonanym wyborem, wys\u0142uchaj. Spanie z dzieckiem na pewno wp\u0142ynie na relacj\u0119 damsko- m\u0119skie, a co\u015b takiego jak niezaplanowane igraszki, mog\u0105 by\u0107 ci\u0119\u017ckie do realizacji.<\/p>\n<h2>Spanie z noworodkiem w jednym \u0142\u00f3\u017cku &#8211; tak czy nie?<\/h2>\n<p>Czynnik\u00f3w wp\u0142ywaj\u0105cych na Tw\u00f3j wyb\u00f3r b\u0119dzie wiele:<\/p>\n<ul>\n<li><strong>Bezpiecze\u0144stwo dziecka<\/strong> \u2013 Tw\u00f3j niepok\u00f3j budzi\u0107 mo\u017ce to, czy aby na pewno dziecko \u015bpi\u0105ce w jednym \u0142\u00f3\u017cku z doros\u0142ymi b\u0119dzie bezpieczne. B\u0119dzie je\u017celi tylko: w jego pobli\u017cu nie b\u0119dzie zbyt wiele poduszek, ko\u0142dra nie zakryje twarzy, nie ma w \u0142\u00f3\u017cku zwierz\u0105t, materac jest p\u0142aski, nie jest to \u0142\u00f3\u017cko wodne, a pid\u017camy nie posiadaj\u0105 sznurk\u00f3w ani niebezpiecznych element\u00f3w. Niezwykle wa\u017cne r\u00f3wnie\u017c jest to, by dziecko nie le\u017ca\u0142o na skraju \u0142\u00f3\u017cka.<\/li>\n<li><strong>Poczucie blisko\u015bci z dzieckiem<\/strong> \u2013 w dzisiejszym zabieganym \u015bwiecie zdarza si\u0119, \u017ce noc to jedyny czas w kt\u00f3rym mo\u017cemy by\u0107 blisko siebie i zwyczajnie si\u0119 przytuli\u0107. \u015api\u0105c razem z dzieckiem buduje si\u0119 nie tylko wi\u0119ksza wi\u0119\u017a z mam\u0105, ale tak\u017ce z tat\u0105, kt\u00f3ry z regu\u0142y jest osob\u0105 sp\u0119dzaj\u0105c\u0105 mniej czasu z dzieckiem podczas ca\u0142ego dnia.<\/li>\n<li><strong>Karmienie dziecka<\/strong>&#8211; je\u017celi jeste\u015b mam\u0105, kt\u00f3ra karmi piersi\u0105, niew\u0105tpliwie pro\u015bciej b\u0119dzie przystawi\u0107 dziecko, nie budz\u0105c go i nie wyci\u0105gaj\u0105c z jego \u0142\u00f3\u017ceczka. Podobnie zreszt\u0105, je\u017celi karmisz butelk\u0105. Mo\u017cesz mie\u0107 przygotowany zestaw posi\u0142kowy dla malucha, a przy \u0142\u00f3\u017cku postawi\u0107 podgrzewacz.<\/li>\n<li><strong>Wsp\u00f3lny czas z partnerem<\/strong>&#8211; jak wy\u017cej, spanie z dzieci\u0105tkiem to niew\u0105tpliwie sprawdzian dla zwi\u0105zku. Niezaplanowane czu\u0142o\u015bci tymczasowo p\u00f3jd\u0105 w odstawk\u0119, a wyobra\u017ania i planowanie w ruch. To mo\u017ce by\u0107 nowa, wspania\u0142a przygoda, niekoniecznie w starym nudnym \u0142\u00f3\u017cku.<\/li>\n<\/ul>\n<h2>Fakty i mity dotycz\u0105ce spania z dzieckiem<\/h2>\n<p>Do obalenia i potwierdzenia zosta\u0142o jeszcze par\u0119 mit\u00f3w. Na pewno ju\u017c o nich s\u0142ysza\u0142a\u015b, przyjaci\u00f3\u0142ki m\u00f3wi\u0142y, \u017ce to i tamto, ale czy koniecznie trzeba im wierzy\u0107?<\/p>\n<h3>Mit 1 &#8211; dziecko potrzebuje snu w samotno\u015bci<\/h3>\n<p><strong>Obalony.<\/strong> Dziecko porozumiewa si\u0119 z rodzicami nie tylko za pomoc\u0105 s\u0142\u00f3w, ale tak\u017ce zmys\u0142\u00f3w: d\u017awi\u0119ku, dotyku, wzroku. <strong>Zamkni\u0119cie go w ciemnym pokoju powoduje, \u017ce izolujemy je od tego, co budujemy od dnia narodzin \u2013 relacji.<\/strong><\/p>\n<h3>Mit 2 &#8211; wsp\u00f3lne spanie z dzieckiem to koniec zwi\u0105zku<\/h3>\n<p><strong>Obalony<\/strong>. Wsp\u00f3lne spanie z dzieckiem, to decyzja, jak\u0105 podejmuje si\u0119 zanim jeszcze si\u0119 urodzi lub kiedy jest ca\u0142kiem malutkie. \u015awiadoma decyzja dw\u00f3jki doros\u0142ych os\u00f3b. Zrzucanie winy na nie za niepowodzenia w \u017cyciu intymnym, to p\u00f3jcie na \u0142atwizn\u0119. A przecie\u017c pole do popisu i ruszenia wyobra\u017ani\u0105 jest olbrzymie. <strong>\u017bycie intymne, kiedy dziecko jest na \u015bwiecie, wcale nie musi by\u0107 nudne.<\/strong><\/p>\n<h3>Mit 3 &#8211; Nikt nie \u015bpi z dzieckiem<\/h3>\n<p><strong>Obalony.<\/strong> Badania dowodz\u0105, \u017ce ponad 80% matek \u015bpi ze swoimi maluchami. Wi\u0119c hej!,nie jeste\u015b sama!<\/p>\n<p>Nie taki wi\u0119c diabe\u0142 straszny, jak go maluj\u0105. Skupmy si\u0119 teraz na zaletach, jakie niesie ze sob\u0105 wsp\u00f3lne spanie z dzieckiem, bo niew\u0105tpliwie znajdziemy tu wiele plus\u00f3w:<\/p>\n<ul>\n<li>Cudownie jest budzi\u0107 si\u0119 ko\u0142o u\u015bmiechni\u0119tego dziecka!<\/li>\n<li>Karmienie piersi\u0105 staje si\u0119 \u0142atwiejsze, po prostu przytulasz dziecko i przystawiasz do piersi.<\/li>\n<li>Nocne karmienie pozwoli utrzyma\u0107 laktacj\u0119.<\/li>\n<li>Rodzice si\u0119 wysypiaj\u0105.<\/li>\n<li>Dzieci lepiej si\u0119 wysypiaj\u0105, bo zawsze wtedy, gdy potrzebuj\u0105 przytulenia, pog\u0142askania, czy tyko obecno\u015bci mamy, ona jest obok.<\/li>\n<li>Mniej pobudek w nocy.<\/li>\n<li>Nie ma l\u0119ku przed nocn\u0105 roz\u0142\u0105k\u0105 z mam\u0105.<\/li>\n<li>Znaczna redukcja mo\u017cliwo\u015bci wyst\u0105pienia zespo\u0142u nag\u0142ej \u015bmierci \u0142\u00f3\u017ceczkowej.<\/li>\n<\/ul>\n<p>Droga Mamo, decyzja do podj\u0119cia nie jest \u0142atwa i niesie za sob\u0105 zar\u00f3wno plusy, jak i minusy. Jak widzisz istnieje wiele przes\u0142anek, \u017ce warto, dlatego tak du\u017cy odsetek rodzic\u00f3w preferuje spanie ze swoimi pociechami zar\u00f3wno w jednym \u0142\u00f3\u017cku, ale te\u017c w osobnych, a w jednym pokoju. Ponad wszystkim przy\u015bwieca temu jedna zaleta, kt\u00f3r\u0105 nale\u017cy podkre\u015bli\u0107: <strong>budowanie wi\u0119zi z maluchem<\/strong>.<\/p>\n<p>Autorka:<\/p>\n<p>Monika Kampczyk<\/p>\n<p>http:\/\/www.kamperki.com\/<\/p>\n","protected":false},"excerpt":"Kiedy rodzi si\u0119 ma\u0142y cz\u0142owieczek pragniemy sp\u0119dza\u0107 z nim ka\u017cd\u0105 chwil\u0119, czy to w dzie\u0144, czy w nocy. Nie ma nic pi\u0119kniejszego, ni\u017c widok u\u015bmiechni\u0119tej ma\u0142ej bu\u017aki o poranku. Ani te\u017c wspanialszego uczucia, jakim jest niespodziewany buziak przy pobudce, \u017caden zapach nie zr\u00f3wna si\u0119 z tym, kt\u00f3rym pachnie ma\u0142y bobas. Chcemy go mie\u0107 przy sobie [&hellip;]","author":7,"featured_media":2901,"comment_status":"open","ping_status":"open","sticky":false,"template":"","format":"standard","meta":{"_acf_changed":false,"inline_featured_image":false,"editor_plus_copied_stylings":"{}","footnotes":""},"categories":[38,31],"tags":[],"class_list":["post-1250","post","type-post","status-publish","format-standard","has-post-thumbnail","hentry","category-lifestyle","category-mama"],"yoast_head":"<!-- This site is optimized with the Yoast SEO plugin v27.4 - https:\/\/yoast.com\/product\/yoast-seo-wordpress\/ -->\n<title>Spanie z dzieckiem. Konsekwencje, wady i zalety - Blog Katarek<\/title>\n<meta name=\"description\" content=\"Zastanawiasz si\u0119 nad tym, czy warto spa\u0107 z dzieckiem? W jakich sytuacjach i dla kogo wsp\u00f3lne spanie mo\u017ce by\u0107 przeszkod\u0105? Dowiedz si\u0119 wi\u0119cej!\" \/>\n<meta name=\"robots\" content=\"index, follow, max-snippet:-1, max-image-preview:large, max-video-preview:-1\" \/>\n<link rel=\"canonical\" href=\"https:\/\/katarek.pl\/o-zaletach-i-wadach-co-sleepingu-czyli-spac-czy-nie-spac-z-dzieckiem\/\" \/>\n<meta property=\"og:locale\" content=\"pl_PL\" \/>\n<meta property=\"og:type\" content=\"article\" \/>\n<meta property=\"og:title\" content=\"Spanie z dzieckiem. Konsekwencje, wady i zalety - Blog Katarek\" \/>\n<meta property=\"og:description\" content=\"Zastanawiasz si\u0119 nad tym, czy warto spa\u0107 z dzieckiem? W jakich sytuacjach i dla kogo wsp\u00f3lne spanie mo\u017ce by\u0107 przeszkod\u0105? Dowiedz si\u0119 wi\u0119cej!\" \/>\n<meta property=\"og:url\" content=\"https:\/\/katarek.pl\/o-zaletach-i-wadach-co-sleepingu-czyli-spac-czy-nie-spac-z-dzieckiem\/\" \/>\n<meta property=\"og:site_name\" content=\"katarek.pl\" \/>\n<meta property=\"article:published_time\" content=\"2015-11-03T14:20:15+00:00\" \/>\n<meta property=\"og:image\" content=\"https:\/\/katarek.pl\/wp-content\/uploads\/2015\/11\/spanie-z-dzieckiem1.jpg\" \/>\n\t<meta property=\"og:image:width\" content=\"2356\" \/>\n\t<meta property=\"og:image:height\" content=\"1571\" \/>\n\t<meta property=\"og:image:type\" content=\"image\/jpeg\" \/>\n<meta name=\"author\" content=\"katarek\" \/>\n<meta name=\"twitter:card\" content=\"summary_large_image\" \/>\n<meta name=\"twitter:label1\" content=\"Napisane przez\" \/>\n\t<meta name=\"twitter:data1\" content=\"katarek\" \/>\n\t<meta name=\"twitter:label2\" content=\"Szacowany czas czytania\" \/>\n\t<meta name=\"twitter:data2\" content=\"5 minut\" \/>\n<script type=\"application\/ld+json\" class=\"yoast-schema-graph\">{\"@context\":\"https:\\\/\\\/schema.org\",\"@graph\":[{\"@type\":\"Article\",\"@id\":\"https:\\\/\\\/katarek.pl\\\/o-zaletach-i-wadach-co-sleepingu-czyli-spac-czy-nie-spac-z-dzieckiem\\\/#article\",\"isPartOf\":{\"@id\":\"https:\\\/\\\/katarek.pl\\\/o-zaletach-i-wadach-co-sleepingu-czyli-spac-czy-nie-spac-z-dzieckiem\\\/\"},\"author\":{\"name\":\"katarek\",\"@id\":\"https:\\\/\\\/katarek.pl\\\/#\\\/schema\\\/person\\\/c7267555b2aaad4c6d15146a155bc430\"},\"headline\":\"O zaletach i wadach co-sleepingu. Spa\u0107 czy nie spa\u0107 z dzieckiem?\",\"datePublished\":\"2015-11-03T14:20:15+00:00\",\"mainEntityOfPage\":{\"@id\":\"https:\\\/\\\/katarek.pl\\\/o-zaletach-i-wadach-co-sleepingu-czyli-spac-czy-nie-spac-z-dzieckiem\\\/\"},\"wordCount\":993,\"commentCount\":0,\"image\":{\"@id\":\"https:\\\/\\\/katarek.pl\\\/o-zaletach-i-wadach-co-sleepingu-czyli-spac-czy-nie-spac-z-dzieckiem\\\/#primaryimage\"},\"thumbnailUrl\":\"https:\\\/\\\/katarek.pl\\\/wp-content\\\/uploads\\\/2015\\\/11\\\/spanie-z-dzieckiem1.jpg\",\"articleSection\":[\"Lifestyle\",\"Mama\"],\"inLanguage\":\"pl-PL\"},{\"@type\":\"WebPage\",\"@id\":\"https:\\\/\\\/katarek.pl\\\/o-zaletach-i-wadach-co-sleepingu-czyli-spac-czy-nie-spac-z-dzieckiem\\\/\",\"url\":\"https:\\\/\\\/katarek.pl\\\/o-zaletach-i-wadach-co-sleepingu-czyli-spac-czy-nie-spac-z-dzieckiem\\\/\",\"name\":\"Spanie z dzieckiem. Konsekwencje, wady i zalety - Blog Katarek\",\"isPartOf\":{\"@id\":\"https:\\\/\\\/katarek.pl\\\/#website\"},\"primaryImageOfPage\":{\"@id\":\"https:\\\/\\\/katarek.pl\\\/o-zaletach-i-wadach-co-sleepingu-czyli-spac-czy-nie-spac-z-dzieckiem\\\/#primaryimage\"},\"image\":{\"@id\":\"https:\\\/\\\/katarek.pl\\\/o-zaletach-i-wadach-co-sleepingu-czyli-spac-czy-nie-spac-z-dzieckiem\\\/#primaryimage\"},\"thumbnailUrl\":\"https:\\\/\\\/katarek.pl\\\/wp-content\\\/uploads\\\/2015\\\/11\\\/spanie-z-dzieckiem1.jpg\",\"datePublished\":\"2015-11-03T14:20:15+00:00\",\"author\":{\"@id\":\"https:\\\/\\\/katarek.pl\\\/#\\\/schema\\\/person\\\/c7267555b2aaad4c6d15146a155bc430\"},\"description\":\"Zastanawiasz si\u0119 nad tym, czy warto spa\u0107 z dzieckiem? W jakich sytuacjach i dla kogo wsp\u00f3lne spanie mo\u017ce by\u0107 przeszkod\u0105? Dowiedz si\u0119 wi\u0119cej!\",\"breadcrumb\":{\"@id\":\"https:\\\/\\\/katarek.pl\\\/o-zaletach-i-wadach-co-sleepingu-czyli-spac-czy-nie-spac-z-dzieckiem\\\/#breadcrumb\"},\"inLanguage\":\"pl-PL\",\"potentialAction\":[{\"@type\":\"ReadAction\",\"target\":[\"https:\\\/\\\/katarek.pl\\\/o-zaletach-i-wadach-co-sleepingu-czyli-spac-czy-nie-spac-z-dzieckiem\\\/\"]}]},{\"@type\":\"ImageObject\",\"inLanguage\":\"pl-PL\",\"@id\":\"https:\\\/\\\/katarek.pl\\\/o-zaletach-i-wadach-co-sleepingu-czyli-spac-czy-nie-spac-z-dzieckiem\\\/#primaryimage\",\"url\":\"https:\\\/\\\/katarek.pl\\\/wp-content\\\/uploads\\\/2015\\\/11\\\/spanie-z-dzieckiem1.jpg\",\"contentUrl\":\"https:\\\/\\\/katarek.pl\\\/wp-content\\\/uploads\\\/2015\\\/11\\\/spanie-z-dzieckiem1.jpg\",\"width\":2356,\"height\":1571,\"caption\":\"Family In Bed Holding Sleeping Newborn Baby Daughter\"},{\"@type\":\"BreadcrumbList\",\"@id\":\"https:\\\/\\\/katarek.pl\\\/o-zaletach-i-wadach-co-sleepingu-czyli-spac-czy-nie-spac-z-dzieckiem\\\/#breadcrumb\",\"itemListElement\":[{\"@type\":\"ListItem\",\"position\":1,\"name\":\"Home\",\"item\":\"https:\\\/\\\/katarek.pl\\\/\"},{\"@type\":\"ListItem\",\"position\":2,\"name\":\"Blog\",\"item\":\"https:\\\/\\\/katarek.pl\\\/blog\\\/\"},{\"@type\":\"ListItem\",\"position\":3,\"name\":\"O zaletach i wadach co-sleepingu. Spa\u0107 czy nie spa\u0107 z dzieckiem?\"}]},{\"@type\":\"WebSite\",\"@id\":\"https:\\\/\\\/katarek.pl\\\/#website\",\"url\":\"https:\\\/\\\/katarek.pl\\\/\",\"name\":\"katarek.pl\",\"description\":\"\",\"potentialAction\":[{\"@type\":\"SearchAction\",\"target\":{\"@type\":\"EntryPoint\",\"urlTemplate\":\"https:\\\/\\\/katarek.pl\\\/?s={search_term_string}\"},\"query-input\":{\"@type\":\"PropertyValueSpecification\",\"valueRequired\":true,\"valueName\":\"search_term_string\"}}],\"inLanguage\":\"pl-PL\"},{\"@type\":\"Person\",\"@id\":\"https:\\\/\\\/katarek.pl\\\/#\\\/schema\\\/person\\\/c7267555b2aaad4c6d15146a155bc430\",\"name\":\"katarek\",\"url\":\"https:\\\/\\\/katarek.pl\\\/author\\\/katarek\\\/\"}]}<\/script>\n<!-- \/ Yoast SEO plugin. -->","yoast_head_json":{"title":"Spanie z dzieckiem. Konsekwencje, wady i zalety - Blog Katarek","description":"Zastanawiasz si\u0119 nad tym, czy warto spa\u0107 z dzieckiem? W jakich sytuacjach i dla kogo wsp\u00f3lne spanie mo\u017ce by\u0107 przeszkod\u0105? Dowiedz si\u0119 wi\u0119cej!","robots":{"index":"index","follow":"follow","max-snippet":"max-snippet:-1","max-image-preview":"max-image-preview:large","max-video-preview":"max-video-preview:-1"},"canonical":"https:\/\/katarek.pl\/o-zaletach-i-wadach-co-sleepingu-czyli-spac-czy-nie-spac-z-dzieckiem\/","og_locale":"pl_PL","og_type":"article","og_title":"Spanie z dzieckiem. Konsekwencje, wady i zalety - Blog Katarek","og_description":"Zastanawiasz si\u0119 nad tym, czy warto spa\u0107 z dzieckiem? W jakich sytuacjach i dla kogo wsp\u00f3lne spanie mo\u017ce by\u0107 przeszkod\u0105? Dowiedz si\u0119 wi\u0119cej!","og_url":"https:\/\/katarek.pl\/o-zaletach-i-wadach-co-sleepingu-czyli-spac-czy-nie-spac-z-dzieckiem\/","og_site_name":"katarek.pl","article_published_time":"2015-11-03T14:20:15+00:00","og_image":[{"width":2356,"height":1571,"url":"https:\/\/katarek.pl\/wp-content\/uploads\/2015\/11\/spanie-z-dzieckiem1.jpg","type":"image\/jpeg"}],"author":"katarek","twitter_card":"summary_large_image","twitter_misc":{"Napisane przez":"katarek","Szacowany czas czytania":"5 minut"},"schema":{"@context":"https:\/\/schema.org","@graph":[{"@type":"Article","@id":"https:\/\/katarek.pl\/o-zaletach-i-wadach-co-sleepingu-czyli-spac-czy-nie-spac-z-dzieckiem\/#article","isPartOf":{"@id":"https:\/\/katarek.pl\/o-zaletach-i-wadach-co-sleepingu-czyli-spac-czy-nie-spac-z-dzieckiem\/"},"author":{"name":"katarek","@id":"https:\/\/katarek.pl\/#\/schema\/person\/c7267555b2aaad4c6d15146a155bc430"},"headline":"O zaletach i wadach co-sleepingu. Spa\u0107 czy nie spa\u0107 z dzieckiem?","datePublished":"2015-11-03T14:20:15+00:00","mainEntityOfPage":{"@id":"https:\/\/katarek.pl\/o-zaletach-i-wadach-co-sleepingu-czyli-spac-czy-nie-spac-z-dzieckiem\/"},"wordCount":993,"commentCount":0,"image":{"@id":"https:\/\/katarek.pl\/o-zaletach-i-wadach-co-sleepingu-czyli-spac-czy-nie-spac-z-dzieckiem\/#primaryimage"},"thumbnailUrl":"https:\/\/katarek.pl\/wp-content\/uploads\/2015\/11\/spanie-z-dzieckiem1.jpg","articleSection":["Lifestyle","Mama"],"inLanguage":"pl-PL"},{"@type":"WebPage","@id":"https:\/\/katarek.pl\/o-zaletach-i-wadach-co-sleepingu-czyli-spac-czy-nie-spac-z-dzieckiem\/","url":"https:\/\/katarek.pl\/o-zaletach-i-wadach-co-sleepingu-czyli-spac-czy-nie-spac-z-dzieckiem\/","name":"Spanie z dzieckiem. Konsekwencje, wady i zalety - Blog Katarek","isPartOf":{"@id":"https:\/\/katarek.pl\/#website"},"primaryImageOfPage":{"@id":"https:\/\/katarek.pl\/o-zaletach-i-wadach-co-sleepingu-czyli-spac-czy-nie-spac-z-dzieckiem\/#primaryimage"},"image":{"@id":"https:\/\/katarek.pl\/o-zaletach-i-wadach-co-sleepingu-czyli-spac-czy-nie-spac-z-dzieckiem\/#primaryimage"},"thumbnailUrl":"https:\/\/katarek.pl\/wp-content\/uploads\/2015\/11\/spanie-z-dzieckiem1.jpg","datePublished":"2015-11-03T14:20:15+00:00","author":{"@id":"https:\/\/katarek.pl\/#\/schema\/person\/c7267555b2aaad4c6d15146a155bc430"},"description":"Zastanawiasz si\u0119 nad tym, czy warto spa\u0107 z dzieckiem? W jakich sytuacjach i dla kogo wsp\u00f3lne spanie mo\u017ce by\u0107 przeszkod\u0105? Dowiedz si\u0119 wi\u0119cej!","breadcrumb":{"@id":"https:\/\/katarek.pl\/o-zaletach-i-wadach-co-sleepingu-czyli-spac-czy-nie-spac-z-dzieckiem\/#breadcrumb"},"inLanguage":"pl-PL","potentialAction":[{"@type":"ReadAction","target":["https:\/\/katarek.pl\/o-zaletach-i-wadach-co-sleepingu-czyli-spac-czy-nie-spac-z-dzieckiem\/"]}]},{"@type":"ImageObject","inLanguage":"pl-PL","@id":"https:\/\/katarek.pl\/o-zaletach-i-wadach-co-sleepingu-czyli-spac-czy-nie-spac-z-dzieckiem\/#primaryimage","url":"https:\/\/katarek.pl\/wp-content\/uploads\/2015\/11\/spanie-z-dzieckiem1.jpg","contentUrl":"https:\/\/katarek.pl\/wp-content\/uploads\/2015\/11\/spanie-z-dzieckiem1.jpg","width":2356,"height":1571,"caption":"Family In Bed Holding Sleeping Newborn Baby Daughter"},{"@type":"BreadcrumbList","@id":"https:\/\/katarek.pl\/o-zaletach-i-wadach-co-sleepingu-czyli-spac-czy-nie-spac-z-dzieckiem\/#breadcrumb","itemListElement":[{"@type":"ListItem","position":1,"name":"Home","item":"https:\/\/katarek.pl\/"},{"@type":"ListItem","position":2,"name":"Blog","item":"https:\/\/katarek.pl\/blog\/"},{"@type":"ListItem","position":3,"name":"O zaletach i wadach co-sleepingu. Spa\u0107 czy nie spa\u0107 z dzieckiem?"}]},{"@type":"WebSite","@id":"https:\/\/katarek.pl\/#website","url":"https:\/\/katarek.pl\/","name":"katarek.pl","description":"","potentialAction":[{"@type":"SearchAction","target":{"@type":"EntryPoint","urlTemplate":"https:\/\/katarek.pl\/?s={search_term_string}"},"query-input":{"@type":"PropertyValueSpecification","valueRequired":true,"valueName":"search_term_string"}}],"inLanguage":"pl-PL"},{"@type":"Person","@id":"https:\/\/katarek.pl\/#\/schema\/person\/c7267555b2aaad4c6d15146a155bc430","name":"katarek","url":"https:\/\/katarek.pl\/author\/katarek\/"}]}},"acf":[],"gutenberg_blocks":[{"blockName":"custom-styles","attrs":{"styles":""}}],"meta_data":false,"featured_image":{"url":"https:\/\/katarek.pl\/wp-content\/uploads\/2015\/11\/spanie-z-dzieckiem1-1024x683.jpg"},"main_category":{"name":"Lifestyle"},"prev_page":{"slug":"kobieto-chodz-naprawimy-cie"},"next_page":false,"_links":{"self":[{"href":"https:\/\/katarek.pl\/index.php\/wp-json\/wp\/v2\/posts\/1250","targetHints":{"allow":["GET"]}}],"collection":[{"href":"https:\/\/katarek.pl\/index.php\/wp-json\/wp\/v2\/posts"}],"about":[{"href":"https:\/\/katarek.pl\/index.php\/wp-json\/wp\/v2\/types\/post"}],"author":[{"embeddable":true,"href":"https:\/\/katarek.pl\/index.php\/wp-json\/wp\/v2\/users\/7"}],"replies":[{"embeddable":true,"href":"https:\/\/katarek.pl\/index.php\/wp-json\/wp\/v2\/comments?post=1250"}],"version-history":[{"count":0,"href":"https:\/\/katarek.pl\/index.php\/wp-json\/wp\/v2\/posts\/1250\/revisions"}],"wp:featuredmedia":[{"embeddable":true,"href":"https:\/\/katarek.pl\/index.php\/wp-json\/wp\/v2\/media\/2901"}],"wp:attachment":[{"href":"https:\/\/katarek.pl\/index.php\/wp-json\/wp\/v2\/media?parent=1250"}],"wp:term":[{"taxonomy":"category","embeddable":true,"href":"https:\/\/katarek.pl\/index.php\/wp-json\/wp\/v2\/categories?post=1250"},{"taxonomy":"post_tag","embeddable":true,"href":"https:\/\/katarek.pl\/index.php\/wp-json\/wp\/v2\/tags?post=1250"}],"curies":[{"name":"wp","href":"https:\/\/api.w.org\/{rel}","templated":true}]}}