{"id":1192,"date":"2017-04-25T10:01:00","date_gmt":"2017-04-25T10:01:00","guid":{"rendered":"https:\/\/katarek.pl\/?p=159"},"modified":"2017-04-25T10:01:00","modified_gmt":"2017-04-25T10:01:00","slug":"czy-katar-u-niemowlecia-przebiega-inaczej-niz-u-doroslego","status":"publish","type":"post","link":"https:\/\/katarek.pl\/czy-katar-u-niemowlecia-przebiega-inaczej-niz-u-doroslego\/","title":{"rendered":"Czy katar u niemowl\u0119cia przebiega inaczej ni\u017c u doros\u0142ego?"},"content":{"rendered":"<p><strong>Przebieg kataru<\/strong><\/p>\n<p>Katar u niemowlaka wyst\u0119puje w 95% infekcji. Kanaliki nosowe u noworodka s\u0105 bardzo w\u0105skie, dlatego te\u017c nawet najmniejsze przezi\u0119bienie stanowi k\u0142opot dla Twojej pociechy. Ju\u017c ma\u0142a ilo\u015b\u0107 wydzieliny blokuje mo\u017cliwo\u015b\u0107 oddechu u najm\u0142odszych, przez co staj\u0105 si\u0119 kapry\u015bne oraz trac\u0105 apetyt. Katar u niemowl\u0119cia jest r\u00f3wnoznaczny z ogromnym problemem podczas karmienia. Bez dro\u017cnego noska dziecko nie mo\u017ce ssa\u0107, a to przecie\u017c niezb\u0119dne przy karmieniu piersi\u0105 czy butelk\u0105. Poza tym odruch ssania pojawia si\u0119 dzi\u0119ki temu, \u017ce niemowl\u0119 czuje zapach matki i mleka. Katar blokuje zmys\u0142 w\u0119chu i mo\u017ce wywo\u0142ywa\u0107 wady wymowy.<\/p>\n<p>Nieleczona, zalegaj\u0105ca w nosku wydzielina mo\u017ce znacz\u0105co uszkodzi\u0107 jego b\u0142on\u0119 \u015bluzow\u0105, prowadz\u0105c tym samym do obrz\u0119ku b\u0142on \u015bluzowych. W konsekwencji \u0142atwo o zapalenie oskrzeli, p\u0142uc czy ucha, co jest naprawd\u0119 powa\u017cnym problemem.<\/p>\n<p>Je\u015bli problem zatkanego noska trwa powy\u017cej trzech dni udaj si\u0119 koniecznie do lekarza. Podczas infekcji staraj si\u0119 prawid\u0142owo nawil\u017cy\u0107 powietrze w pokoju dziecka oraz u\u017cywaj bezpiecznego ju\u017c od pierwszego dnia \u017cycia dziecka aspiratora kataru KATAREK. Aspirator z powodzeniem usunie tak\u017ce katar u rocznego dziecka. Starsze dzieci lubi\u0105 nawet obs\u0142ugiwa\u0107 si\u0119 nim samodzielnie! Nie pozw\u00f3l, aby zalegaj\u0105ca wydzielina pozosta\u0142a w nosku Twojej pociechy!<\/p>\n","protected":false},"excerpt":"Przebieg kataru Katar u niemowlaka wyst\u0119puje w 95% infekcji. Kanaliki nosowe u noworodka s\u0105 bardzo w\u0105skie, dlatego te\u017c nawet najmniejsze przezi\u0119bienie stanowi k\u0142opot dla Twojej pociechy. Ju\u017c ma\u0142a ilo\u015b\u0107 wydzieliny blokuje mo\u017cliwo\u015b\u0107 oddechu u najm\u0142odszych, przez co staj\u0105 si\u0119 kapry\u015bne oraz trac\u0105 apetyt. Katar u niemowl\u0119cia jest r\u00f3wnoznaczny z ogromnym problemem podczas karmienia. Bez dro\u017cnego [&hellip;]","author":7,"featured_media":306,"comment_status":"open","ping_status":"open","sticky":false,"template":"","format":"standard","meta":{"_acf_changed":false,"inline_featured_image":false,"editor_plus_copied_stylings":"{}","footnotes":""},"categories":[36],"tags":[],"class_list":["post-1192","post","type-post","status-publish","format-standard","has-post-thumbnail","hentry","category-artykuly"],"yoast_head":"<!-- This site is optimized with the Yoast SEO plugin v27.4 - https:\/\/yoast.com\/product\/yoast-seo-wordpress\/ -->\n<title>Czy katar u niemowlaka przebiega inaczej ni\u017c u doros\u0142ego?<\/title>\n<meta name=\"description\" content=\"Czy katar u dziecka przebiega inaczej ni\u017c u osoby doros\u0142ej? Jak nale\u017cy post\u0119powa\u0107, je\u015bli ju\u017c wyst\u0105pi? Tu znajdziesz odpowiedzi na powy\u017csze pytania.\" \/>\n<meta name=\"robots\" content=\"index, follow, max-snippet:-1, max-image-preview:large, max-video-preview:-1\" \/>\n<link rel=\"canonical\" href=\"https:\/\/katarek.pl\/czy-katar-u-niemowlecia-przebiega-inaczej-niz-u-doroslego\/\" \/>\n<meta property=\"og:locale\" content=\"pl_PL\" \/>\n<meta property=\"og:type\" content=\"article\" \/>\n<meta property=\"og:title\" content=\"Czy katar u niemowlaka przebiega inaczej ni\u017c u doros\u0142ego?\" \/>\n<meta property=\"og:description\" content=\"Czy katar u dziecka przebiega inaczej ni\u017c u osoby doros\u0142ej? Jak nale\u017cy post\u0119powa\u0107, je\u015bli ju\u017c wyst\u0105pi? Tu znajdziesz odpowiedzi na powy\u017csze pytania.\" \/>\n<meta property=\"og:url\" content=\"https:\/\/katarek.pl\/czy-katar-u-niemowlecia-przebiega-inaczej-niz-u-doroslego\/\" \/>\n<meta property=\"og:site_name\" content=\"katarek.pl\" \/>\n<meta property=\"article:published_time\" content=\"2017-04-25T10:01:00+00:00\" \/>\n<meta property=\"og:image\" content=\"https:\/\/katarek.pl\/wp-content\/uploads\/2017\/05\/unnamed-4.jpg\" \/>\n\t<meta property=\"og:image:width\" content=\"1932\" \/>\n\t<meta property=\"og:image:height\" content=\"1288\" \/>\n\t<meta property=\"og:image:type\" content=\"image\/jpeg\" \/>\n<meta name=\"author\" content=\"katarek\" \/>\n<meta name=\"twitter:card\" content=\"summary_large_image\" \/>\n<meta name=\"twitter:label1\" content=\"Napisane przez\" \/>\n\t<meta name=\"twitter:data1\" content=\"katarek\" \/>\n\t<meta name=\"twitter:label2\" content=\"Szacowany czas czytania\" \/>\n\t<meta name=\"twitter:data2\" content=\"1 minuta\" \/>\n<script type=\"application\/ld+json\" class=\"yoast-schema-graph\">{\"@context\":\"https:\\\/\\\/schema.org\",\"@graph\":[{\"@type\":\"Article\",\"@id\":\"https:\\\/\\\/katarek.pl\\\/czy-katar-u-niemowlecia-przebiega-inaczej-niz-u-doroslego\\\/#article\",\"isPartOf\":{\"@id\":\"https:\\\/\\\/katarek.pl\\\/czy-katar-u-niemowlecia-przebiega-inaczej-niz-u-doroslego\\\/\"},\"author\":{\"name\":\"katarek\",\"@id\":\"https:\\\/\\\/katarek.pl\\\/#\\\/schema\\\/person\\\/c7267555b2aaad4c6d15146a155bc430\"},\"headline\":\"Czy katar u niemowl\u0119cia przebiega inaczej ni\u017c u doros\u0142ego?\",\"datePublished\":\"2017-04-25T10:01:00+00:00\",\"mainEntityOfPage\":{\"@id\":\"https:\\\/\\\/katarek.pl\\\/czy-katar-u-niemowlecia-przebiega-inaczej-niz-u-doroslego\\\/\"},\"wordCount\":233,\"commentCount\":0,\"image\":{\"@id\":\"https:\\\/\\\/katarek.pl\\\/czy-katar-u-niemowlecia-przebiega-inaczej-niz-u-doroslego\\\/#primaryimage\"},\"thumbnailUrl\":\"https:\\\/\\\/katarek.pl\\\/wp-content\\\/uploads\\\/2017\\\/05\\\/unnamed-4.jpg\",\"articleSection\":[\"Artyku\u0142y\"],\"inLanguage\":\"pl-PL\"},{\"@type\":\"WebPage\",\"@id\":\"https:\\\/\\\/katarek.pl\\\/czy-katar-u-niemowlecia-przebiega-inaczej-niz-u-doroslego\\\/\",\"url\":\"https:\\\/\\\/katarek.pl\\\/czy-katar-u-niemowlecia-przebiega-inaczej-niz-u-doroslego\\\/\",\"name\":\"Czy katar u niemowlaka przebiega inaczej ni\u017c u doros\u0142ego?\",\"isPartOf\":{\"@id\":\"https:\\\/\\\/katarek.pl\\\/#website\"},\"primaryImageOfPage\":{\"@id\":\"https:\\\/\\\/katarek.pl\\\/czy-katar-u-niemowlecia-przebiega-inaczej-niz-u-doroslego\\\/#primaryimage\"},\"image\":{\"@id\":\"https:\\\/\\\/katarek.pl\\\/czy-katar-u-niemowlecia-przebiega-inaczej-niz-u-doroslego\\\/#primaryimage\"},\"thumbnailUrl\":\"https:\\\/\\\/katarek.pl\\\/wp-content\\\/uploads\\\/2017\\\/05\\\/unnamed-4.jpg\",\"datePublished\":\"2017-04-25T10:01:00+00:00\",\"author\":{\"@id\":\"https:\\\/\\\/katarek.pl\\\/#\\\/schema\\\/person\\\/c7267555b2aaad4c6d15146a155bc430\"},\"description\":\"Czy katar u dziecka przebiega inaczej ni\u017c u osoby doros\u0142ej? Jak nale\u017cy post\u0119powa\u0107, je\u015bli ju\u017c wyst\u0105pi? Tu znajdziesz odpowiedzi na powy\u017csze pytania.\",\"breadcrumb\":{\"@id\":\"https:\\\/\\\/katarek.pl\\\/czy-katar-u-niemowlecia-przebiega-inaczej-niz-u-doroslego\\\/#breadcrumb\"},\"inLanguage\":\"pl-PL\",\"potentialAction\":[{\"@type\":\"ReadAction\",\"target\":[\"https:\\\/\\\/katarek.pl\\\/czy-katar-u-niemowlecia-przebiega-inaczej-niz-u-doroslego\\\/\"]}]},{\"@type\":\"ImageObject\",\"inLanguage\":\"pl-PL\",\"@id\":\"https:\\\/\\\/katarek.pl\\\/czy-katar-u-niemowlecia-przebiega-inaczej-niz-u-doroslego\\\/#primaryimage\",\"url\":\"https:\\\/\\\/katarek.pl\\\/wp-content\\\/uploads\\\/2017\\\/05\\\/unnamed-4.jpg\",\"contentUrl\":\"https:\\\/\\\/katarek.pl\\\/wp-content\\\/uploads\\\/2017\\\/05\\\/unnamed-4.jpg\",\"width\":1932,\"height\":1288,\"caption\":\"niemowl\u0119 a katar\"},{\"@type\":\"BreadcrumbList\",\"@id\":\"https:\\\/\\\/katarek.pl\\\/czy-katar-u-niemowlecia-przebiega-inaczej-niz-u-doroslego\\\/#breadcrumb\",\"itemListElement\":[{\"@type\":\"ListItem\",\"position\":1,\"name\":\"Home\",\"item\":\"https:\\\/\\\/katarek.pl\\\/\"},{\"@type\":\"ListItem\",\"position\":2,\"name\":\"Blog\",\"item\":\"https:\\\/\\\/katarek.pl\\\/blog\\\/\"},{\"@type\":\"ListItem\",\"position\":3,\"name\":\"Czy katar u niemowl\u0119cia przebiega inaczej ni\u017c u doros\u0142ego?\"}]},{\"@type\":\"WebSite\",\"@id\":\"https:\\\/\\\/katarek.pl\\\/#website\",\"url\":\"https:\\\/\\\/katarek.pl\\\/\",\"name\":\"katarek.pl\",\"description\":\"\",\"potentialAction\":[{\"@type\":\"SearchAction\",\"target\":{\"@type\":\"EntryPoint\",\"urlTemplate\":\"https:\\\/\\\/katarek.pl\\\/?s={search_term_string}\"},\"query-input\":{\"@type\":\"PropertyValueSpecification\",\"valueRequired\":true,\"valueName\":\"search_term_string\"}}],\"inLanguage\":\"pl-PL\"},{\"@type\":\"Person\",\"@id\":\"https:\\\/\\\/katarek.pl\\\/#\\\/schema\\\/person\\\/c7267555b2aaad4c6d15146a155bc430\",\"name\":\"katarek\",\"url\":\"https:\\\/\\\/katarek.pl\\\/author\\\/katarek\\\/\"}]}<\/script>\n<!-- \/ Yoast SEO plugin. -->","yoast_head_json":{"title":"Czy katar u niemowlaka przebiega inaczej ni\u017c u doros\u0142ego?","description":"Czy katar u dziecka przebiega inaczej ni\u017c u osoby doros\u0142ej? Jak nale\u017cy post\u0119powa\u0107, je\u015bli ju\u017c wyst\u0105pi? Tu znajdziesz odpowiedzi na powy\u017csze pytania.","robots":{"index":"index","follow":"follow","max-snippet":"max-snippet:-1","max-image-preview":"max-image-preview:large","max-video-preview":"max-video-preview:-1"},"canonical":"https:\/\/katarek.pl\/czy-katar-u-niemowlecia-przebiega-inaczej-niz-u-doroslego\/","og_locale":"pl_PL","og_type":"article","og_title":"Czy katar u niemowlaka przebiega inaczej ni\u017c u doros\u0142ego?","og_description":"Czy katar u dziecka przebiega inaczej ni\u017c u osoby doros\u0142ej? Jak nale\u017cy post\u0119powa\u0107, je\u015bli ju\u017c wyst\u0105pi? Tu znajdziesz odpowiedzi na powy\u017csze pytania.","og_url":"https:\/\/katarek.pl\/czy-katar-u-niemowlecia-przebiega-inaczej-niz-u-doroslego\/","og_site_name":"katarek.pl","article_published_time":"2017-04-25T10:01:00+00:00","og_image":[{"width":1932,"height":1288,"url":"https:\/\/katarek.pl\/wp-content\/uploads\/2017\/05\/unnamed-4.jpg","type":"image\/jpeg"}],"author":"katarek","twitter_card":"summary_large_image","twitter_misc":{"Napisane przez":"katarek","Szacowany czas czytania":"1 minuta"},"schema":{"@context":"https:\/\/schema.org","@graph":[{"@type":"Article","@id":"https:\/\/katarek.pl\/czy-katar-u-niemowlecia-przebiega-inaczej-niz-u-doroslego\/#article","isPartOf":{"@id":"https:\/\/katarek.pl\/czy-katar-u-niemowlecia-przebiega-inaczej-niz-u-doroslego\/"},"author":{"name":"katarek","@id":"https:\/\/katarek.pl\/#\/schema\/person\/c7267555b2aaad4c6d15146a155bc430"},"headline":"Czy katar u niemowl\u0119cia przebiega inaczej ni\u017c u doros\u0142ego?","datePublished":"2017-04-25T10:01:00+00:00","mainEntityOfPage":{"@id":"https:\/\/katarek.pl\/czy-katar-u-niemowlecia-przebiega-inaczej-niz-u-doroslego\/"},"wordCount":233,"commentCount":0,"image":{"@id":"https:\/\/katarek.pl\/czy-katar-u-niemowlecia-przebiega-inaczej-niz-u-doroslego\/#primaryimage"},"thumbnailUrl":"https:\/\/katarek.pl\/wp-content\/uploads\/2017\/05\/unnamed-4.jpg","articleSection":["Artyku\u0142y"],"inLanguage":"pl-PL"},{"@type":"WebPage","@id":"https:\/\/katarek.pl\/czy-katar-u-niemowlecia-przebiega-inaczej-niz-u-doroslego\/","url":"https:\/\/katarek.pl\/czy-katar-u-niemowlecia-przebiega-inaczej-niz-u-doroslego\/","name":"Czy katar u niemowlaka przebiega inaczej ni\u017c u doros\u0142ego?","isPartOf":{"@id":"https:\/\/katarek.pl\/#website"},"primaryImageOfPage":{"@id":"https:\/\/katarek.pl\/czy-katar-u-niemowlecia-przebiega-inaczej-niz-u-doroslego\/#primaryimage"},"image":{"@id":"https:\/\/katarek.pl\/czy-katar-u-niemowlecia-przebiega-inaczej-niz-u-doroslego\/#primaryimage"},"thumbnailUrl":"https:\/\/katarek.pl\/wp-content\/uploads\/2017\/05\/unnamed-4.jpg","datePublished":"2017-04-25T10:01:00+00:00","author":{"@id":"https:\/\/katarek.pl\/#\/schema\/person\/c7267555b2aaad4c6d15146a155bc430"},"description":"Czy katar u dziecka przebiega inaczej ni\u017c u osoby doros\u0142ej? Jak nale\u017cy post\u0119powa\u0107, je\u015bli ju\u017c wyst\u0105pi? Tu znajdziesz odpowiedzi na powy\u017csze pytania.","breadcrumb":{"@id":"https:\/\/katarek.pl\/czy-katar-u-niemowlecia-przebiega-inaczej-niz-u-doroslego\/#breadcrumb"},"inLanguage":"pl-PL","potentialAction":[{"@type":"ReadAction","target":["https:\/\/katarek.pl\/czy-katar-u-niemowlecia-przebiega-inaczej-niz-u-doroslego\/"]}]},{"@type":"ImageObject","inLanguage":"pl-PL","@id":"https:\/\/katarek.pl\/czy-katar-u-niemowlecia-przebiega-inaczej-niz-u-doroslego\/#primaryimage","url":"https:\/\/katarek.pl\/wp-content\/uploads\/2017\/05\/unnamed-4.jpg","contentUrl":"https:\/\/katarek.pl\/wp-content\/uploads\/2017\/05\/unnamed-4.jpg","width":1932,"height":1288,"caption":"niemowl\u0119 a katar"},{"@type":"BreadcrumbList","@id":"https:\/\/katarek.pl\/czy-katar-u-niemowlecia-przebiega-inaczej-niz-u-doroslego\/#breadcrumb","itemListElement":[{"@type":"ListItem","position":1,"name":"Home","item":"https:\/\/katarek.pl\/"},{"@type":"ListItem","position":2,"name":"Blog","item":"https:\/\/katarek.pl\/blog\/"},{"@type":"ListItem","position":3,"name":"Czy katar u niemowl\u0119cia przebiega inaczej ni\u017c u doros\u0142ego?"}]},{"@type":"WebSite","@id":"https:\/\/katarek.pl\/#website","url":"https:\/\/katarek.pl\/","name":"katarek.pl","description":"","potentialAction":[{"@type":"SearchAction","target":{"@type":"EntryPoint","urlTemplate":"https:\/\/katarek.pl\/?s={search_term_string}"},"query-input":{"@type":"PropertyValueSpecification","valueRequired":true,"valueName":"search_term_string"}}],"inLanguage":"pl-PL"},{"@type":"Person","@id":"https:\/\/katarek.pl\/#\/schema\/person\/c7267555b2aaad4c6d15146a155bc430","name":"katarek","url":"https:\/\/katarek.pl\/author\/katarek\/"}]}},"acf":[],"gutenberg_blocks":[{"blockName":"custom-styles","attrs":{"styles":""}}],"meta_data":false,"featured_image":{"url":"https:\/\/katarek.pl\/wp-content\/uploads\/2017\/05\/unnamed-4-1024x683.jpg"},"main_category":{"name":"Artyku\u0142y"},"prev_page":{"slug":"na-czym-polega-zapalenie-zatok-przynosowych"},"next_page":{"slug":"nebulizacja-inhalacja"},"_links":{"self":[{"href":"https:\/\/katarek.pl\/index.php\/wp-json\/wp\/v2\/posts\/1192","targetHints":{"allow":["GET"]}}],"collection":[{"href":"https:\/\/katarek.pl\/index.php\/wp-json\/wp\/v2\/posts"}],"about":[{"href":"https:\/\/katarek.pl\/index.php\/wp-json\/wp\/v2\/types\/post"}],"author":[{"embeddable":true,"href":"https:\/\/katarek.pl\/index.php\/wp-json\/wp\/v2\/users\/7"}],"replies":[{"embeddable":true,"href":"https:\/\/katarek.pl\/index.php\/wp-json\/wp\/v2\/comments?post=1192"}],"version-history":[{"count":0,"href":"https:\/\/katarek.pl\/index.php\/wp-json\/wp\/v2\/posts\/1192\/revisions"}],"wp:featuredmedia":[{"embeddable":true,"href":"https:\/\/katarek.pl\/index.php\/wp-json\/wp\/v2\/media\/306"}],"wp:attachment":[{"href":"https:\/\/katarek.pl\/index.php\/wp-json\/wp\/v2\/media?parent=1192"}],"wp:term":[{"taxonomy":"category","embeddable":true,"href":"https:\/\/katarek.pl\/index.php\/wp-json\/wp\/v2\/categories?post=1192"},{"taxonomy":"post_tag","embeddable":true,"href":"https:\/\/katarek.pl\/index.php\/wp-json\/wp\/v2\/tags?post=1192"}],"curies":[{"name":"wp","href":"https:\/\/api.w.org\/{rel}","templated":true}]}}